{"id":10074,"date":"2023-08-16T00:39:17","date_gmt":"2023-08-16T03:39:17","guid":{"rendered":"https:\/\/lavozpuntana.com\/?p=10074"},"modified":"2023-09-05T00:22:05","modified_gmt":"2023-09-05T03:22:05","slug":"fuerte-aumento-de-los-combustibles-en-la-petrolera-axion","status":"publish","type":"post","link":"https:\/\/lavozpuntana.com\/?p=10074","title":{"rendered":"FUERTE AUMENTO DE LOS COMBUSTIBLES EN LA PETROLERA AXION"},"content":{"rendered":"\n<p><strong>En la fecha que finaliza el acuerdo de Precios Justos para los combustibles, la petrolera Axion remarc\u00f3 los valores de la nafta y el gasoil en m\u00e1s de un 20%.<\/strong><\/p>\n\n\n\n<figure class=\"wp-block-image size-large\"><img loading=\"lazy\" decoding=\"async\" width=\"1024\" height=\"562\" src=\"http:\/\/lavozpuntana.com\/wp-content\/uploads\/2023\/08\/axion-1024x562.jpg\" alt=\"\" class=\"wp-image-10075\" srcset=\"https:\/\/lavozpuntana.com\/wp-content\/uploads\/2023\/08\/axion-1024x562.jpg 1024w, https:\/\/lavozpuntana.com\/wp-content\/uploads\/2023\/08\/axion-300x165.jpg 300w, https:\/\/lavozpuntana.com\/wp-content\/uploads\/2023\/08\/axion-768x421.jpg 768w, https:\/\/lavozpuntana.com\/wp-content\/uploads\/2023\/08\/axion.jpg 1072w\" sizes=\"auto, (max-width: 1024px) 100vw, 1024px\" \/><\/figure>\n\n\n\n<p>Medios nacionales reflejan que el Ministerio de Econom\u00eda, que conduce Sergio Massa, inici\u00f3 una ronda de contactos con directivos de las petroleras para extender el acuerdo de precios que reg\u00eda hasta agosto.<\/p>\n\n\n\n<p>En el marco de Precios Justos, las empresas se hab\u00edan comprometido a aumentar no m\u00e1s del 4,5% mensual los valores. Ese convenio ten\u00eda fecha de finalizaci\u00f3n el 15 de agosto.<\/p>\n\n\n\n<p>Axion se adelant\u00f3 y comenz\u00f3 a aplicar nuevos valores. El gasoil Premium, por ejemplo, costaba $358,70 por litro, pero desde este martes cuesta $436,30.<\/p>\n\n\n\n<p>El gasoil pas\u00f3 de $292,80 a $341,70; mientras que la nafta s\u00faper se fue de $257,50 a $315,50; y la Premium de $331,20 a $399,90.<\/p>\n\n\n\n<p>La petrolera Shell, en tanto, tambi\u00e9n subi\u00f3 sus precios un 14% en otros distritos, pero en las estaciones de servicio de San Luis a\u00fan no se aplic\u00f3.<\/p>\n\n\n\n<p>El \u00faltimo aumento de los combustibles, en todas las compa\u00f1\u00edas, hab\u00eda sido el 1 de agosto.<\/p>\n","protected":false},"excerpt":{"rendered":"<p>En la fecha que finaliza el acuerdo de Precios Justos para los combustibles, la petrolera Axion remarc\u00f3 los valores de la nafta y el gasoil en m\u00e1s de un 20%.<\/p>\n","protected":false},"author":4,"featured_media":10075,"comment_status":"closed","ping_status":"closed","sticky":false,"template":"","format":"standard","meta":{"footnotes":""},"categories":[5],"tags":[],"class_list":["post-10074","post","type-post","status-publish","format-standard","has-post-thumbnail","hentry","category-el-pais"],"_links":{"self":[{"href":"https:\/\/lavozpuntana.com\/index.php?rest_route=\/wp\/v2\/posts\/10074","targetHints":{"allow":["GET"]}}],"collection":[{"href":"https:\/\/lavozpuntana.com\/index.php?rest_route=\/wp\/v2\/posts"}],"about":[{"href":"https:\/\/lavozpuntana.com\/index.php?rest_route=\/wp\/v2\/types\/post"}],"author":[{"embeddable":true,"href":"https:\/\/lavozpuntana.com\/index.php?rest_route=\/wp\/v2\/users\/4"}],"replies":[{"embeddable":true,"href":"https:\/\/lavozpuntana.com\/index.php?rest_route=%2Fwp%2Fv2%2Fcomments&post=10074"}],"version-history":[{"count":1,"href":"https:\/\/lavozpuntana.com\/index.php?rest_route=\/wp\/v2\/posts\/10074\/revisions"}],"predecessor-version":[{"id":10076,"href":"https:\/\/lavozpuntana.com\/index.php?rest_route=\/wp\/v2\/posts\/10074\/revisions\/10076"}],"wp:featuredmedia":[{"embeddable":true,"href":"https:\/\/lavozpuntana.com\/index.php?rest_route=\/wp\/v2\/media\/10075"}],"wp:attachment":[{"href":"https:\/\/lavozpuntana.com\/index.php?rest_route=%2Fwp%2Fv2%2Fmedia&parent=10074"}],"wp:term":[{"taxonomy":"category","embeddable":true,"href":"https:\/\/lavozpuntana.com\/index.php?rest_route=%2Fwp%2Fv2%2Fcategories&post=10074"},{"taxonomy":"post_tag","embeddable":true,"href":"https:\/\/lavozpuntana.com\/index.php?rest_route=%2Fwp%2Fv2%2Ftags&post=10074"}],"curies":[{"name":"wp","href":"https:\/\/api.w.org\/{rel}","templated":true}]}}