{"id":10135,"date":"2023-08-23T01:16:38","date_gmt":"2023-08-23T04:16:38","guid":{"rendered":"https:\/\/lavozpuntana.com\/?p=10135"},"modified":"2023-09-05T00:22:27","modified_gmt":"2023-09-05T03:22:27","slug":"desde-septiembre-los-jubilados-cobraran-un-23-mas-y-bonos-mensuales","status":"publish","type":"post","link":"https:\/\/lavozpuntana.com\/?p=10135","title":{"rendered":"DESDE SEPTIEMBRE, LOS JUBILADOS COBRAR\u00c1N UN 23 % M\u00c1S Y BONOS MENSUALES"},"content":{"rendered":"\n<p><strong>El aumento para jubilados y pensionados lleva el haber m\u00ednimo a $ 87.460 a partir del pr\u00f3ximo mes. Adicionalmente, los jubilados y pensionados que perciben el haber m\u00ednimo recibir\u00e1n un bono de $ 27.000 en septiembre, en octubre y en noviembre, con lo que nadie cobrar\u00e1 menos de $ 114.460.<\/strong><\/p>\n\n\n\n<figure class=\"wp-block-image size-large\"><img loading=\"lazy\" decoding=\"async\" width=\"450\" height=\"253\" src=\"http:\/\/lavozpuntana.com\/wp-content\/uploads\/2023\/08\/62f4d91b1d16a_450.jpg\" alt=\"\" class=\"wp-image-10136\" srcset=\"https:\/\/lavozpuntana.com\/wp-content\/uploads\/2023\/08\/62f4d91b1d16a_450.jpg 450w, https:\/\/lavozpuntana.com\/wp-content\/uploads\/2023\/08\/62f4d91b1d16a_450-300x169.jpg 300w\" sizes=\"auto, (max-width: 450px) 100vw, 450px\" \/><\/figure>\n\n\n\n<p>La Administraci\u00f3n Nacional de la Seguridad Social (Anses) formaliz\u00f3 el valor de la movilidad prevista en el art\u00edculo 32 de la Ley 24.241 correspondiente a septiembre de 2023 en 23,29%, a trav\u00e9s de la resoluci\u00f3n 186\/2023 publicada este martes en el Bolet\u00edn Oficial.<\/p>\n\n\n\n<p>Con este aumento el haber m\u00ednimo llega a $ 87.460 a partir del pr\u00f3ximo mes.<\/p>\n\n\n\n<p>Adicionalmente, los jubilados y pensionados que perciben el haber m\u00ednimo recibir\u00e1n un bono de $ 27.000 en septiembre, en octubre y en noviembre, con lo que nadie cobrar\u00e1 menos de $ 114.460.<\/p>\n\n\n\n<p>De esta forma, el haber de los jubilados de la m\u00ednima que lo hicieron con 30 a\u00f1os de aportes efectivos (1,2 millones de personas) quedar\u00e1 en $ 123.760.<\/p>\n\n\n\n<p>El incremento de septiembre ser\u00e1 el tercero del a\u00f1o y fue fijado a partir de la Ley de Movilidad.<\/p>\n\n\n\n<p>A partir de la suba del mes que viene, la jubilaci\u00f3n m\u00ednima habr\u00e1 tenido un incremento interanual del 127,3%, ubic\u00e1ndose por encima de la inflaci\u00f3n del per\u00edodo, destac\u00f3 la Anses en un comunicado.<\/p>\n\n\n\n<p>Fuente: T\u00e9lam<\/p>\n","protected":false},"excerpt":{"rendered":"<p>El aumento para jubilados y pensionados lleva el haber m\u00ednimo a $ 87.460 a partir del pr\u00f3ximo mes. Adicionalmente, los jubilados y pensionados que perciben el haber m\u00ednimo recibir\u00e1n un bono de $ 27.000 en septiembre, en octubre y en noviembre, con lo que nadie cobrar\u00e1 menos de $ 114.460.<\/p>\n","protected":false},"author":4,"featured_media":10136,"comment_status":"closed","ping_status":"closed","sticky":false,"template":"","format":"standard","meta":{"footnotes":""},"categories":[5],"tags":[],"class_list":["post-10135","post","type-post","status-publish","format-standard","has-post-thumbnail","hentry","category-el-pais"],"_links":{"self":[{"href":"https:\/\/lavozpuntana.com\/index.php?rest_route=\/wp\/v2\/posts\/10135","targetHints":{"allow":["GET"]}}],"collection":[{"href":"https:\/\/lavozpuntana.com\/index.php?rest_route=\/wp\/v2\/posts"}],"about":[{"href":"https:\/\/lavozpuntana.com\/index.php?rest_route=\/wp\/v2\/types\/post"}],"author":[{"embeddable":true,"href":"https:\/\/lavozpuntana.com\/index.php?rest_route=\/wp\/v2\/users\/4"}],"replies":[{"embeddable":true,"href":"https:\/\/lavozpuntana.com\/index.php?rest_route=%2Fwp%2Fv2%2Fcomments&post=10135"}],"version-history":[{"count":1,"href":"https:\/\/lavozpuntana.com\/index.php?rest_route=\/wp\/v2\/posts\/10135\/revisions"}],"predecessor-version":[{"id":10137,"href":"https:\/\/lavozpuntana.com\/index.php?rest_route=\/wp\/v2\/posts\/10135\/revisions\/10137"}],"wp:featuredmedia":[{"embeddable":true,"href":"https:\/\/lavozpuntana.com\/index.php?rest_route=\/wp\/v2\/media\/10136"}],"wp:attachment":[{"href":"https:\/\/lavozpuntana.com\/index.php?rest_route=%2Fwp%2Fv2%2Fmedia&parent=10135"}],"wp:term":[{"taxonomy":"category","embeddable":true,"href":"https:\/\/lavozpuntana.com\/index.php?rest_route=%2Fwp%2Fv2%2Fcategories&post=10135"},{"taxonomy":"post_tag","embeddable":true,"href":"https:\/\/lavozpuntana.com\/index.php?rest_route=%2Fwp%2Fv2%2Ftags&post=10135"}],"curies":[{"name":"wp","href":"https:\/\/api.w.org\/{rel}","templated":true}]}}