{"id":10156,"date":"2023-08-27T01:18:39","date_gmt":"2023-08-27T04:18:39","guid":{"rendered":"https:\/\/lavozpuntana.com\/?p=10156"},"modified":"2023-09-05T00:22:27","modified_gmt":"2023-09-05T03:22:27","slug":"exitoso-festejo-del-dia-de-las-infancias-magia-superheroes-y-alegria-en-la-pena-boquense-juan-antonio-farenga","status":"publish","type":"post","link":"https:\/\/lavozpuntana.com\/?p=10156","title":{"rendered":"Exitoso festejo del D\u00eda de las Infancias: Magia, Superh\u00e9roes y Alegr\u00eda en la Pe\u00f1a Boquense Juan Antonio Farenga"},"content":{"rendered":"\n<figure class=\"wp-block-image size-large\"><img loading=\"lazy\" decoding=\"async\" width=\"1020\" height=\"768\" src=\"http:\/\/lavozpuntana.com\/wp-content\/uploads\/2023\/08\/WhatsApp-Image-2023-08-26-at-6.44.50-PM.jpeg\" alt=\"\" class=\"wp-image-10159\" srcset=\"https:\/\/lavozpuntana.com\/wp-content\/uploads\/2023\/08\/WhatsApp-Image-2023-08-26-at-6.44.50-PM.jpeg 1020w, https:\/\/lavozpuntana.com\/wp-content\/uploads\/2023\/08\/WhatsApp-Image-2023-08-26-at-6.44.50-PM-300x226.jpeg 300w, https:\/\/lavozpuntana.com\/wp-content\/uploads\/2023\/08\/WhatsApp-Image-2023-08-26-at-6.44.50-PM-768x578.jpeg 768w\" sizes=\"auto, (max-width: 1020px) 100vw, 1020px\" \/><figcaption>Espect\u00e1culo de Magia<\/figcaption><\/figure>\n\n\n\n<p style=\"font-size:24px\">En una jornada llena de diversi\u00f3n y sonrisas, la Pe\u00f1a Boquense Juan Antonio Farenga celebr\u00f3 el D\u00eda de las Infancias con un evento lleno de emocionantes atracciones y momentos inolvidables. <strong>Con la participaci\u00f3n entusiasta de 40 ni\u00f1os acompa\u00f1ados por sus padres,<\/strong> la celebraci\u00f3n se convirti\u00f3 en un verdadero \u00e9xito que dej\u00f3 huellas de alegr\u00eda en los corazones de todos los presentes.<\/p>\n\n\n\n<p style=\"font-size:24px\">El centro de atenci\u00f3n del festejo fue, sin duda, el espect\u00e1culo de magia que mantuvo a los peque\u00f1os y adultos por iguales, cautivados y asombrados.<strong> El ilusionista desat\u00f3 su magia en un escenario azul y oro,<\/strong> haciendo que los ni\u00f1os se sumergan en un mundo de fantas\u00eda y asombro. Los aplausos y risas resonaron mientras los trucos desafiaban la l\u00f3gica y dejaban a todos pregunt\u00e1ndose \u00ab\u00bfc\u00f3mo lo hicieron?\u00bb.<\/p>\n\n\n\n<figure class=\"wp-block-image size-large\"><img loading=\"lazy\" decoding=\"async\" width=\"1024\" height=\"771\" src=\"http:\/\/lavozpuntana.com\/wp-content\/uploads\/2023\/08\/WhatsApp-Image-2023-08-26-at-8.46.33-PM-1024x771.jpeg\" alt=\"\" class=\"wp-image-10158\" srcset=\"https:\/\/lavozpuntana.com\/wp-content\/uploads\/2023\/08\/WhatsApp-Image-2023-08-26-at-8.46.33-PM-1024x771.jpeg 1024w, https:\/\/lavozpuntana.com\/wp-content\/uploads\/2023\/08\/WhatsApp-Image-2023-08-26-at-8.46.33-PM-300x226.jpeg 300w, https:\/\/lavozpuntana.com\/wp-content\/uploads\/2023\/08\/WhatsApp-Image-2023-08-26-at-8.46.33-PM-768x578.jpeg 768w, https:\/\/lavozpuntana.com\/wp-content\/uploads\/2023\/08\/WhatsApp-Image-2023-08-26-at-8.46.33-PM-1536x1156.jpeg 1536w, https:\/\/lavozpuntana.com\/wp-content\/uploads\/2023\/08\/WhatsApp-Image-2023-08-26-at-8.46.33-PM.jpeg 1600w\" sizes=\"auto, (max-width: 1024px) 100vw, 1024px\" \/><figcaption>Fotos con los Superh\u00e9roes <\/figcaption><\/figure>\n\n\n\n<p style=\"font-size:24px\">Pero la magia no fue la \u00fanica atracci\u00f3n de la jornada. Los superh\u00e9roes tambi\u00e9n hicieron su entrada triunfal, deleitando a los peque\u00f1os con su presencia, baile y brindando momentos de emoci\u00f3n y fotos para el recuerdo. <strong>Los ni\u00f1os miraban con ojos brillantes a sus \u00eddolos disfrazados,<\/strong> ansiosos por conocer a los personajes que admiraban en las pel\u00edculas y animaciones.<\/p>\n\n\n\n<p style=\"font-size:24px\">La generosidad tambi\u00e9n se hizo presente en el festejo, ya que se llev\u00f3 a cabo una entrega de juguetes que ilumin\u00f3 los rostros de los ni\u00f1os con sonrisas de felicidad. <strong>La Pe\u00f1a Boquense Juan Antonio Farenga demostr\u00f3 su compromiso con la comunidad<\/strong> al brindar a los m\u00e1s peque\u00f1os la oportunidad de disfrutar de regalos que har\u00e1n perdurar la magia del d\u00eda mucho tiempo despu\u00e9s de que las luces del evento se hayan apagado.<\/p>\n\n\n\n<p style=\"font-size:24px\">Por supuesto, un festejo de esta magnitud no estar\u00eda completo sin un delicioso agasajo para los ni\u00f1os y sus familias. <strong>La chocolatada y las facturas endulzaron a\u00fan m\u00e1s la celebraci\u00f3n, <\/strong>creando un ambiente c\u00e1lido y acogedor donde los asistentes pudieron compartir risas y momentos especiales.<\/p>\n\n\n\n<figure class=\"wp-block-image size-large\"><img loading=\"lazy\" decoding=\"async\" width=\"771\" height=\"1024\" src=\"http:\/\/lavozpuntana.com\/wp-content\/uploads\/2023\/08\/WhatsApp-Image-2023-08-26-at-8.50.25-PM-771x1024.jpeg\" alt=\"\" class=\"wp-image-10157\" srcset=\"https:\/\/lavozpuntana.com\/wp-content\/uploads\/2023\/08\/WhatsApp-Image-2023-08-26-at-8.50.25-PM-771x1024.jpeg 771w, https:\/\/lavozpuntana.com\/wp-content\/uploads\/2023\/08\/WhatsApp-Image-2023-08-26-at-8.50.25-PM-226x300.jpeg 226w, https:\/\/lavozpuntana.com\/wp-content\/uploads\/2023\/08\/WhatsApp-Image-2023-08-26-at-8.50.25-PM-768x1021.jpeg 768w, https:\/\/lavozpuntana.com\/wp-content\/uploads\/2023\/08\/WhatsApp-Image-2023-08-26-at-8.50.25-PM-1156x1536.jpeg 1156w, https:\/\/lavozpuntana.com\/wp-content\/uploads\/2023\/08\/WhatsApp-Image-2023-08-26-at-8.50.25-PM.jpeg 1204w\" sizes=\"auto, (max-width: 771px) 100vw, 771px\" \/><figcaption>Espect\u00e1culo de magia<\/figcaption><\/figure>\n\n\n\n<p style=\"font-size:24px\">Los padres presentes tambi\u00e9n disfrutaron de la jornada, viendo a sus hijos emocionados y participando activamente en las actividades. <strong>La Pe\u00f1a Boquense Juan Antonio Farenga logr\u00f3 crear un espacio donde la familia pudo unirse en torno a la celebraci\u00f3n de la infancia<\/strong>, fortaleciendo los lazos y creando recuerdos invaluables.<\/p>\n\n\n\n<p style=\"font-size:24px\">En resumen, el festejo del D\u00eda de las Infancias organizado por la Pe\u00f1a Boquense Juan Antonio Farenga fue un rotundo \u00e9xito, llenando de magia, risas y alegr\u00eda el d\u00eda de decenas de ni\u00f1os y sus familias. La combinaci\u00f3n de magia, superh\u00e9roes, regalos y delicias culinarias result\u00f3 en <strong>una experiencia inolvidable que seguramente ser\u00e1 grabada con cari\u00f1o por mucho tiempo.<\/strong><\/p>\n","protected":false},"excerpt":{"rendered":"<p>En una jornada llena de diversi\u00f3n y sonrisas, la Pe\u00f1a Boquense Juan Antonio Farenga celebr\u00f3<\/p>\n","protected":false},"author":4,"featured_media":10159,"comment_status":"closed","ping_status":"closed","sticky":false,"template":"","format":"standard","meta":{"footnotes":""},"categories":[4],"tags":[313,232,2448,1661,2446,2447],"class_list":["post-10156","post","type-post","status-publish","format-standard","has-post-thumbnail","hentry","category-la-provincia","tag-bocajuniors","tag-ciudaddesanluis","tag-compromisosocial","tag-diadelasinfancias","tag-inclusionsocial","tag-ong"],"_links":{"self":[{"href":"https:\/\/lavozpuntana.com\/index.php?rest_route=\/wp\/v2\/posts\/10156","targetHints":{"allow":["GET"]}}],"collection":[{"href":"https:\/\/lavozpuntana.com\/index.php?rest_route=\/wp\/v2\/posts"}],"about":[{"href":"https:\/\/lavozpuntana.com\/index.php?rest_route=\/wp\/v2\/types\/post"}],"author":[{"embeddable":true,"href":"https:\/\/lavozpuntana.com\/index.php?rest_route=\/wp\/v2\/users\/4"}],"replies":[{"embeddable":true,"href":"https:\/\/lavozpuntana.com\/index.php?rest_route=%2Fwp%2Fv2%2Fcomments&post=10156"}],"version-history":[{"count":1,"href":"https:\/\/lavozpuntana.com\/index.php?rest_route=\/wp\/v2\/posts\/10156\/revisions"}],"predecessor-version":[{"id":10160,"href":"https:\/\/lavozpuntana.com\/index.php?rest_route=\/wp\/v2\/posts\/10156\/revisions\/10160"}],"wp:featuredmedia":[{"embeddable":true,"href":"https:\/\/lavozpuntana.com\/index.php?rest_route=\/wp\/v2\/media\/10159"}],"wp:attachment":[{"href":"https:\/\/lavozpuntana.com\/index.php?rest_route=%2Fwp%2Fv2%2Fmedia&parent=10156"}],"wp:term":[{"taxonomy":"category","embeddable":true,"href":"https:\/\/lavozpuntana.com\/index.php?rest_route=%2Fwp%2Fv2%2Fcategories&post=10156"},{"taxonomy":"post_tag","embeddable":true,"href":"https:\/\/lavozpuntana.com\/index.php?rest_route=%2Fwp%2Fv2%2Ftags&post=10156"}],"curies":[{"name":"wp","href":"https:\/\/api.w.org\/{rel}","templated":true}]}}