{"id":10161,"date":"2023-08-28T00:58:26","date_gmt":"2023-08-28T03:58:26","guid":{"rendered":"https:\/\/lavozpuntana.com\/?p=10161"},"modified":"2023-09-05T00:22:27","modified_gmt":"2023-09-05T03:22:27","slug":"comienzo-de-semana-algo-ventosa-y-con-maximas-que-alcanzaran-los-23-c-en-san-luis","status":"publish","type":"post","link":"https:\/\/lavozpuntana.com\/?p=10161","title":{"rendered":"COMIENZO DE SEMANA ALGO VENTOSA Y CON M\u00c1XIMAS QUE ALCANZAR\u00c1N LOS 23\u00b0 C EN SAN LUIS"},"content":{"rendered":"\n<p><strong>La Red de Estaciones Meteorol\u00f3gicas (REM) anticip\u00f3 que para esta semana se esperan jornadas ventosas, y temperaturas m\u00e1ximas que llegar\u00e1n a los 23\u00b0 C en la ciudad.<\/strong><\/p>\n\n\n\n<figure class=\"wp-block-image size-large\"><img loading=\"lazy\" decoding=\"async\" width=\"660\" height=\"409\" src=\"http:\/\/lavozpuntana.com\/wp-content\/uploads\/2023\/08\/viento-min-3-1.png\" alt=\"\" class=\"wp-image-10163\" srcset=\"https:\/\/lavozpuntana.com\/wp-content\/uploads\/2023\/08\/viento-min-3-1.png 660w, https:\/\/lavozpuntana.com\/wp-content\/uploads\/2023\/08\/viento-min-3-1-300x186.png 300w\" sizes=\"auto, (max-width: 660px) 100vw, 660px\" \/><\/figure>\n\n\n\n<p>Seg\u00fan indica el informe, este lunes y martes habr\u00e1 fuertes r\u00e1fagas de viento y la m\u00e1xima alcanzar\u00e1 los 22\u00b0 C, mientras que el mi\u00e9rcoles ser\u00e1 una jornada c\u00e1lida con 23\u00b0 C.<\/p>\n\n\n\n<p>Pron\u00f3stico extendido<\/p>\n\n\n\n<p>Lunes 28 de agosto<\/p>\n\n\n\n<p>Jornada ventosa con ascenso de las temperaturas m\u00e1ximas. El cielo estar\u00e1 parcialmente nublado y algo inestable. En promedio, se esperan m\u00ednimas de 5\u00b0 y m\u00e1ximas de 22\u00b0C. El viento ser\u00e1 variable del sector noreste con r\u00e1fagas muy fuertes.<\/p>\n\n\n\n<p>Martes 29 de agosto<\/p>\n\n\n\n<p>Jornada algo ventosa y con poco cambio de las temperaturas. El cielo estar\u00e1 mayormente despejado con intervalos nubosos. En promedio, se esperan m\u00ednimas de 5\u00b0C y m\u00e1ximas de 22\u00b0C. El viento ser\u00e1 del sector noreste con r\u00e1fagas fuertes en la regi\u00f3n norte.<\/p>\n\n\n\n<p>Mi\u00e9rcoles 30 de agosto<\/p>\n\n\n\n<p>Jornada de tarde c\u00e1lida. El cielo estar\u00e1 parcialmente nublado. En promedio, se esperan m\u00ednimas de 8\u00b0C y m\u00e1ximas de 23\u00b0C. El viento predominar\u00e1 del sector noreste con r\u00e1fagas fuertes.<\/p>\n","protected":false},"excerpt":{"rendered":"<p>La Red de Estaciones Meteorol\u00f3gicas (REM) anticip\u00f3 que para esta semana se esperan jornadas ventosas, y temperaturas m\u00e1ximas que llegar\u00e1n a los 23\u00b0 C en la ciudad.<\/p>\n","protected":false},"author":4,"featured_media":10163,"comment_status":"closed","ping_status":"closed","sticky":false,"template":"","format":"standard","meta":{"footnotes":""},"categories":[4],"tags":[],"class_list":["post-10161","post","type-post","status-publish","format-standard","has-post-thumbnail","hentry","category-la-provincia"],"_links":{"self":[{"href":"https:\/\/lavozpuntana.com\/index.php?rest_route=\/wp\/v2\/posts\/10161","targetHints":{"allow":["GET"]}}],"collection":[{"href":"https:\/\/lavozpuntana.com\/index.php?rest_route=\/wp\/v2\/posts"}],"about":[{"href":"https:\/\/lavozpuntana.com\/index.php?rest_route=\/wp\/v2\/types\/post"}],"author":[{"embeddable":true,"href":"https:\/\/lavozpuntana.com\/index.php?rest_route=\/wp\/v2\/users\/4"}],"replies":[{"embeddable":true,"href":"https:\/\/lavozpuntana.com\/index.php?rest_route=%2Fwp%2Fv2%2Fcomments&post=10161"}],"version-history":[{"count":1,"href":"https:\/\/lavozpuntana.com\/index.php?rest_route=\/wp\/v2\/posts\/10161\/revisions"}],"predecessor-version":[{"id":10164,"href":"https:\/\/lavozpuntana.com\/index.php?rest_route=\/wp\/v2\/posts\/10161\/revisions\/10164"}],"wp:featuredmedia":[{"embeddable":true,"href":"https:\/\/lavozpuntana.com\/index.php?rest_route=\/wp\/v2\/media\/10163"}],"wp:attachment":[{"href":"https:\/\/lavozpuntana.com\/index.php?rest_route=%2Fwp%2Fv2%2Fmedia&parent=10161"}],"wp:term":[{"taxonomy":"category","embeddable":true,"href":"https:\/\/lavozpuntana.com\/index.php?rest_route=%2Fwp%2Fv2%2Fcategories&post=10161"},{"taxonomy":"post_tag","embeddable":true,"href":"https:\/\/lavozpuntana.com\/index.php?rest_route=%2Fwp%2Fv2%2Ftags&post=10161"}],"curies":[{"name":"wp","href":"https:\/\/api.w.org\/{rel}","templated":true}]}}