{"id":10168,"date":"2023-08-28T01:13:10","date_gmt":"2023-08-28T04:13:10","guid":{"rendered":"https:\/\/lavozpuntana.com\/?p=10168"},"modified":"2023-09-05T00:22:27","modified_gmt":"2023-09-05T03:22:27","slug":"a-los-54-anos-murio-el-fiscal-federal-federico-delgado","status":"publish","type":"post","link":"https:\/\/lavozpuntana.com\/?p=10168","title":{"rendered":"A LOS 54 A\u00d1OS, MURI\u00d3 EL FISCAL FEDERAL FEDERICO DELGADO"},"content":{"rendered":"\n<p><strong>El fiscal federal Jos\u00e9 Federico Delgado falleci\u00f3 este domingo a los 54 a\u00f1os, inform\u00f3 el Ministerio P\u00fablico Fiscal de la Naci\u00f3n, que expres\u00f3 sus condolencias a sus familiares, amigos y colaboradores.<\/strong><\/p>\n\n\n\n<figure class=\"wp-block-image size-large\"><img loading=\"lazy\" decoding=\"async\" width=\"594\" height=\"335\" src=\"http:\/\/lavozpuntana.com\/wp-content\/uploads\/2023\/08\/fiscal-min.png\" alt=\"\" class=\"wp-image-10169\" srcset=\"https:\/\/lavozpuntana.com\/wp-content\/uploads\/2023\/08\/fiscal-min.png 594w, https:\/\/lavozpuntana.com\/wp-content\/uploads\/2023\/08\/fiscal-min-300x169.png 300w\" sizes=\"auto, (max-width: 594px) 100vw, 594px\" \/><\/figure>\n\n\n\n<p>Delgado llevaba m\u00e1s de dos d\u00e9cadas al frente de la Fiscal\u00eda en lo Criminal y Correccional Federal N\u00ba 6 de la ciudad de Buenos Aires.<\/p>\n\n\n\n<p>Desde all\u00ed, investig\u00f3 el supuesto pago de sobornos en el Senado; el megacanje de la deuda externa; la tragedia ferroviaria en la estaci\u00f3n Once; la documentaci\u00f3n filtrada por los llamados \u2018Panam\u00e1 Papers\u2019; el enriquecimiento il\u00edcito del exsecretario de Obras P\u00fablicas Jos\u00e9 L\u00f3pez, entre otros.<\/p>\n\n\n\n<p>El fiscal federal tambi\u00e9n tuvo a su cargo investigaciones por delitos de lesa humanidad cometidas durante la \u00faltima dictadura militar bajo la \u00f3rbita del Primer Cuerpo del Ej\u00e9rcito.<\/p>\n\n\n\n<p>El 8 de junio la C\u00e1mara Federal porte\u00f1a hab\u00eda ratificado que el fiscal estuviera al frente de la investigaci\u00f3n por el viaje de jueces, funcionarios porte\u00f1os y empresarios del Grupo Clar\u00edn a Lago Escondido.<\/p>\n","protected":false},"excerpt":{"rendered":"<p>El fiscal federal Jos\u00e9 Federico Delgado falleci\u00f3 este domingo a los 54 a\u00f1os, inform\u00f3 el Ministerio P\u00fablico Fiscal de la Naci\u00f3n, que expres\u00f3 sus condolencias a sus familiares, amigos y colaboradores.<\/p>\n","protected":false},"author":4,"featured_media":10169,"comment_status":"closed","ping_status":"closed","sticky":false,"template":"","format":"standard","meta":{"footnotes":""},"categories":[4],"tags":[],"class_list":["post-10168","post","type-post","status-publish","format-standard","has-post-thumbnail","hentry","category-la-provincia"],"_links":{"self":[{"href":"https:\/\/lavozpuntana.com\/index.php?rest_route=\/wp\/v2\/posts\/10168","targetHints":{"allow":["GET"]}}],"collection":[{"href":"https:\/\/lavozpuntana.com\/index.php?rest_route=\/wp\/v2\/posts"}],"about":[{"href":"https:\/\/lavozpuntana.com\/index.php?rest_route=\/wp\/v2\/types\/post"}],"author":[{"embeddable":true,"href":"https:\/\/lavozpuntana.com\/index.php?rest_route=\/wp\/v2\/users\/4"}],"replies":[{"embeddable":true,"href":"https:\/\/lavozpuntana.com\/index.php?rest_route=%2Fwp%2Fv2%2Fcomments&post=10168"}],"version-history":[{"count":1,"href":"https:\/\/lavozpuntana.com\/index.php?rest_route=\/wp\/v2\/posts\/10168\/revisions"}],"predecessor-version":[{"id":10170,"href":"https:\/\/lavozpuntana.com\/index.php?rest_route=\/wp\/v2\/posts\/10168\/revisions\/10170"}],"wp:featuredmedia":[{"embeddable":true,"href":"https:\/\/lavozpuntana.com\/index.php?rest_route=\/wp\/v2\/media\/10169"}],"wp:attachment":[{"href":"https:\/\/lavozpuntana.com\/index.php?rest_route=%2Fwp%2Fv2%2Fmedia&parent=10168"}],"wp:term":[{"taxonomy":"category","embeddable":true,"href":"https:\/\/lavozpuntana.com\/index.php?rest_route=%2Fwp%2Fv2%2Fcategories&post=10168"},{"taxonomy":"post_tag","embeddable":true,"href":"https:\/\/lavozpuntana.com\/index.php?rest_route=%2Fwp%2Fv2%2Ftags&post=10168"}],"curies":[{"name":"wp","href":"https:\/\/api.w.org\/{rel}","templated":true}]}}