{"id":10177,"date":"2023-08-29T14:07:18","date_gmt":"2023-08-29T17:07:18","guid":{"rendered":"https:\/\/lavozpuntana.com\/?p=10177"},"modified":"2023-09-05T00:22:27","modified_gmt":"2023-09-05T03:22:27","slug":"reclamaron-por-causa-de-abuso-sexual-que-lleva-3-anos-paralizada-en-la-justicia","status":"publish","type":"post","link":"https:\/\/lavozpuntana.com\/?p=10177","title":{"rendered":"RECLAMARON POR CAUSA DE ABUSO SEXUAL QUE LLEVA 3 A\u00d1OS PARALIZADA EN LA JUSTICIA"},"content":{"rendered":"\n<p><strong>Esta ma\u00f1ana, Javier Cebas, su esposa, familiares y amigos se manifestaron el Poder Judicial ya que la denuncia que radicaron hace 3 a\u00f1os, por el supuesto abuso sexual que sufri\u00f3 su hija menor de edad en manos de un vecino de Siete Cajones, lleva 3 a\u00f1os paralizada.<\/strong><\/p>\n\n\n\n<figure class=\"wp-block-image size-large\"><img loading=\"lazy\" decoding=\"async\" width=\"550\" height=\"413\" src=\"http:\/\/lavozpuntana.com\/wp-content\/uploads\/2023\/08\/reclamo-siete-cajones.jpg\" alt=\"\" class=\"wp-image-10178\" srcset=\"https:\/\/lavozpuntana.com\/wp-content\/uploads\/2023\/08\/reclamo-siete-cajones.jpg 550w, https:\/\/lavozpuntana.com\/wp-content\/uploads\/2023\/08\/reclamo-siete-cajones-300x225.jpg 300w\" sizes=\"auto, (max-width: 550px) 100vw, 550px\" \/><\/figure>\n\n\n\n<p>\u201cBueno, esto comenz\u00f3 en el 2020 con nuestra denuncia. Pasan tres a\u00f1os y la causa sigue paralizada, no avanza, y lo que venimos a exigir puntualmente es que el fiscal haga la acusaci\u00f3n que corresponde para que sea elevado a la C\u00e1mara donde tiene que ser juzgado la persona est\u00e1 imputada, pero mientras tanto exigimos, pedimos, rogamos la prisi\u00f3n preventiva para esta persona de sumo peligro para la sociedad. Ya el da\u00f1o a nosotros fue hecho, esperamos que ahora no siga haciendo m\u00e1s da\u00f1o a otras personas, y para que esto no suceda necesitamos que tenga prisi\u00f3n preventiva mientras dure el proceso de la causa. Eso es fundamental en este momento. La Justicia tendr\u00e1 su tiempo, pero nosotros necesitamos en este momento que el fiscal Roche nos atienda, que nos d\u00e9 una respuesta que eleve toda la condena que necesita para que eso llegue a juicio como corresponde\u201d, coment\u00f3 Javier, en declaraciones a la prensa.<\/p>\n\n\n\n<p>Los abusos denunciados ocurrieron en la zona de Siete Cajones y la v\u00edctima fue la hija de Javier, cuando ten\u00eda entre 7 y 9 a\u00f1os de edad. \u201cNosotros viv\u00edamos en Siete Cajones, en el Trapiche, es un camino de un paraje de 3 kil\u00f3metros que tiene un solo camino de ida y vuelta. Nosotros nos ubic\u00e1bamos en la mitad del camino, \u00e9l (por el imputado) en el fondo\u201d, cont\u00f3 el hombre.<\/p>\n\n\n\n<p>Luego de realizada la denuncia, la familia, por recomendaci\u00f3n de la psic\u00f3loga de la ni\u00f1a, dej\u00f3 la zona y se fue a vivir a Merlo. \u201cEra de sumo riesgo permanecer ah\u00ed, porque nuestra hija no iba a poder estar tranquila ni sola en ning\u00fan momento, nosotros no \u00edbamos a poder trabajar, no \u00edbamos a poder tener una vida normal. Entonces nos tuvimos que ir de un d\u00eda para el otro, para poder tener un poco de tranquilidad y tener el proceso de tratar de que tenga algo de curaci\u00f3n y atenci\u00f3n, mi hija, a trav\u00e9s de los psic\u00f3logos, psiquiatras y todo lo que necesita, que todav\u00eda lo est\u00e1 utilizando\u201d, cont\u00f3 Javier.<\/p>\n\n\n\n<p>La familia estima que los supuestos abusos se dieron durante un lapso de \u201cdos a\u00f1os por lo menos\u201d. \u201cElla en un momento coment\u00f3 a mi se\u00f1ora en un rato de la tarde, as\u00ed espont\u00e1neamente surgi\u00f3 la conversaci\u00f3n. No lo pod\u00edamos creer, y entonces, ante esa situaci\u00f3n, preferimos ir a la psic\u00f3loga para preguntarle c\u00f3mo proceder\u201d, dijo el padre de la ni\u00f1a, recalcando que una v\u00edctima de este tipo de crimen \u201cavisa cuando puede, no cuando quiere\u201d.<\/p>\n\n\n\n<p>\u201cEsta persona es sumamente peligrosa, ya tuvo problemas con otros vecinos\u201d, concluy\u00f3 Javier, solicitando la prisi\u00f3n preventiva del imputado.<\/p>\n\n\n\n<p>Fuente: La Gaceta Digital.<\/p>\n","protected":false},"excerpt":{"rendered":"<p>Esta ma\u00f1ana, Javier Cebas, su esposa, familiares y amigos se manifestaron el Poder Judicial ya que la denuncia que radicaron hace 3 a\u00f1os, por el supuesto abuso sexual que sufri\u00f3 su hija menor de edad en manos de un vecino de Siete Cajones, lleva 3 a\u00f1os paralizada.<\/p>\n","protected":false},"author":4,"featured_media":10178,"comment_status":"closed","ping_status":"closed","sticky":false,"template":"","format":"standard","meta":{"footnotes":""},"categories":[4],"tags":[],"class_list":["post-10177","post","type-post","status-publish","format-standard","has-post-thumbnail","hentry","category-la-provincia"],"_links":{"self":[{"href":"https:\/\/lavozpuntana.com\/index.php?rest_route=\/wp\/v2\/posts\/10177","targetHints":{"allow":["GET"]}}],"collection":[{"href":"https:\/\/lavozpuntana.com\/index.php?rest_route=\/wp\/v2\/posts"}],"about":[{"href":"https:\/\/lavozpuntana.com\/index.php?rest_route=\/wp\/v2\/types\/post"}],"author":[{"embeddable":true,"href":"https:\/\/lavozpuntana.com\/index.php?rest_route=\/wp\/v2\/users\/4"}],"replies":[{"embeddable":true,"href":"https:\/\/lavozpuntana.com\/index.php?rest_route=%2Fwp%2Fv2%2Fcomments&post=10177"}],"version-history":[{"count":1,"href":"https:\/\/lavozpuntana.com\/index.php?rest_route=\/wp\/v2\/posts\/10177\/revisions"}],"predecessor-version":[{"id":10179,"href":"https:\/\/lavozpuntana.com\/index.php?rest_route=\/wp\/v2\/posts\/10177\/revisions\/10179"}],"wp:featuredmedia":[{"embeddable":true,"href":"https:\/\/lavozpuntana.com\/index.php?rest_route=\/wp\/v2\/media\/10178"}],"wp:attachment":[{"href":"https:\/\/lavozpuntana.com\/index.php?rest_route=%2Fwp%2Fv2%2Fmedia&parent=10177"}],"wp:term":[{"taxonomy":"category","embeddable":true,"href":"https:\/\/lavozpuntana.com\/index.php?rest_route=%2Fwp%2Fv2%2Fcategories&post=10177"},{"taxonomy":"post_tag","embeddable":true,"href":"https:\/\/lavozpuntana.com\/index.php?rest_route=%2Fwp%2Fv2%2Ftags&post=10177"}],"curies":[{"name":"wp","href":"https:\/\/api.w.org\/{rel}","templated":true}]}}