{"id":10180,"date":"2023-08-29T14:15:47","date_gmt":"2023-08-29T17:15:47","guid":{"rendered":"https:\/\/lavozpuntana.com\/?p=10180"},"modified":"2023-09-05T00:22:27","modified_gmt":"2023-09-05T03:22:27","slug":"el-turismo-carretera-llega-a-san-luis-con-la-primera-fecha-de-la-copa-de-oro","status":"publish","type":"post","link":"https:\/\/lavozpuntana.com\/?p=10180","title":{"rendered":"EL TURISMO CARRETERA LLEGA A SAN LUIS CON LA PRIMERA FECHA DE LA COPA DE ORO"},"content":{"rendered":"\n<p><strong>\u00a0\u201cLa M\u00e1xima\u201d vuelve al aut\u00f3dromo \u201cRosendo Hern\u00e1ndez\u201d el 16 y 17 de septiembre. Ya est\u00e1n a la venta los tickets online y pr\u00f3ximamente se podr\u00e1n adquirir de manera presencial.<\/strong><\/p>\n\n\n\n<figure class=\"wp-block-image size-large\"><img loading=\"lazy\" decoding=\"async\" width=\"550\" height=\"549\" src=\"http:\/\/lavozpuntana.com\/wp-content\/uploads\/2023\/08\/turismo-carretera-23.jpg\" alt=\"\" class=\"wp-image-10181\" srcset=\"https:\/\/lavozpuntana.com\/wp-content\/uploads\/2023\/08\/turismo-carretera-23.jpg 550w, https:\/\/lavozpuntana.com\/wp-content\/uploads\/2023\/08\/turismo-carretera-23-300x300.jpg 300w, https:\/\/lavozpuntana.com\/wp-content\/uploads\/2023\/08\/turismo-carretera-23-150x150.jpg 150w\" sizes=\"auto, (max-width: 550px) 100vw, 550px\" \/><\/figure>\n\n\n\n<p>Organizado por el Gobierno de San Luis, a trav\u00e9s de la Secretar\u00eda de Deportes, el Programa San Luis a Fondo y la Asociaci\u00f3n de Corredores Turismo Carretera (ACTC), la m\u00e1xima categor\u00eda del automovilismo argentino regresa al \u201cRosendo Hern\u00e1ndez\u201d para comenzar con su etapa de definici\u00f3n.<\/p>\n\n\n\n<p>La fiesta del TC se dar\u00e1 el fin de semana del 16 y 17 de septiembre por la 11\u00b0 fecha de la temporada, y adem\u00e1s ser\u00e1 la 1\u00b0 fecha de la Copa de Oro R\u00edo Uruguay Seguros que ir\u00e1 en busca del campe\u00f3n de este a\u00f1o.<\/p>\n\n\n\n<p>El pasado 20 de agosto se disput\u00f3 la 10\u00b0 fecha de la temporada en el \u201cOscar y Juan G\u00e1lvez\u201d de Buenos Aires con la victoria del piloto de Arrecifes, Valent\u00edn Aguirre, a bordo de un Torino. Completaron el podio Santiago \u00c1lvarez y Mauricio Lambiris.<\/p>\n\n\n\n<p>Llegar\u00e1 a San Luis como l\u00edder absoluto del a\u00f1o el paranaense Mariano Werner, que es el due\u00f1o de la temporada y adem\u00e1s arranca la Copa de Oro con 31 puntos, corri\u00e9ndole desde atr\u00e1s el mendocino Juli\u00e1n Santero y Juan Tom\u00e1s Catal\u00e1n Magni.<\/p>\n\n\n\n<p>El \u201czorro de Paran\u00e1\u201d ya conoce el sabor de la victoria en San Luis, ya que el a\u00f1o pasado fue el amo y se\u00f1or del circuito puntano.<\/p>\n\n\n\n<p>Las entradas ya se encuentran disponibles de manera virtual en el sitio <a href=\"https:\/\/actc.ticketmania.com.ar\/\">https:\/\/actc.ticketmania.com.ar\/<\/a> con un valor de $6.000 para las generales y $12.000 para boxes. En los pr\u00f3ximos d\u00edas comenzar\u00e1 la venta presencial en puntos que se informar\u00e1n pertinentemente.<\/p>\n","protected":false},"excerpt":{"rendered":"<p> \u201cLa M\u00e1xima\u201d vuelve al aut\u00f3dromo \u201cRosendo Hern\u00e1ndez\u201d el 16 y 17 de septiembre. Ya est\u00e1n a la venta los tickets online y pr\u00f3ximamente se podr\u00e1n adquirir de manera presencial.<\/p>\n","protected":false},"author":4,"featured_media":10181,"comment_status":"closed","ping_status":"closed","sticky":false,"template":"","format":"standard","meta":{"footnotes":""},"categories":[327],"tags":[],"class_list":["post-10180","post","type-post","status-publish","format-standard","has-post-thumbnail","hentry","category-deportes"],"_links":{"self":[{"href":"https:\/\/lavozpuntana.com\/index.php?rest_route=\/wp\/v2\/posts\/10180","targetHints":{"allow":["GET"]}}],"collection":[{"href":"https:\/\/lavozpuntana.com\/index.php?rest_route=\/wp\/v2\/posts"}],"about":[{"href":"https:\/\/lavozpuntana.com\/index.php?rest_route=\/wp\/v2\/types\/post"}],"author":[{"embeddable":true,"href":"https:\/\/lavozpuntana.com\/index.php?rest_route=\/wp\/v2\/users\/4"}],"replies":[{"embeddable":true,"href":"https:\/\/lavozpuntana.com\/index.php?rest_route=%2Fwp%2Fv2%2Fcomments&post=10180"}],"version-history":[{"count":1,"href":"https:\/\/lavozpuntana.com\/index.php?rest_route=\/wp\/v2\/posts\/10180\/revisions"}],"predecessor-version":[{"id":10182,"href":"https:\/\/lavozpuntana.com\/index.php?rest_route=\/wp\/v2\/posts\/10180\/revisions\/10182"}],"wp:featuredmedia":[{"embeddable":true,"href":"https:\/\/lavozpuntana.com\/index.php?rest_route=\/wp\/v2\/media\/10181"}],"wp:attachment":[{"href":"https:\/\/lavozpuntana.com\/index.php?rest_route=%2Fwp%2Fv2%2Fmedia&parent=10180"}],"wp:term":[{"taxonomy":"category","embeddable":true,"href":"https:\/\/lavozpuntana.com\/index.php?rest_route=%2Fwp%2Fv2%2Fcategories&post=10180"},{"taxonomy":"post_tag","embeddable":true,"href":"https:\/\/lavozpuntana.com\/index.php?rest_route=%2Fwp%2Fv2%2Ftags&post=10180"}],"curies":[{"name":"wp","href":"https:\/\/api.w.org\/{rel}","templated":true}]}}