{"id":10205,"date":"2023-08-31T01:00:42","date_gmt":"2023-08-31T04:00:42","guid":{"rendered":"https:\/\/lavozpuntana.com\/?p=10205"},"modified":"2023-09-05T00:22:49","modified_gmt":"2023-09-05T03:22:49","slug":"universitarios-unidos-amplio-su-victoria-en-las-elecciones-de-la-unvime","status":"publish","type":"post","link":"https:\/\/lavozpuntana.com\/?p=10205","title":{"rendered":"UNIVERSITARIOS UNIDOS AMPLIO SU VICTORIA EN LAS ELECCIONES DE LA UNVIME"},"content":{"rendered":"\n<p><strong>El rector y vicerrector electos de la Universidad Nacional de Villa Mercedes, Marcelo David Sosa y Santiago Farenga, terminaron ganando las direcciones de las cuatro escuelas, tras la sesi\u00f3n del Consejo Superior que se celebr\u00f3 este mi\u00e9rcoles por la ma\u00f1ana, que pone punto final al proceso electoral que desemboc\u00f3 en las elecciones de renovaci\u00f3n de autoridades el pasado 16 de agosto.<\/strong><\/p>\n\n\n\n<figure class=\"wp-block-image size-large\"><img loading=\"lazy\" decoding=\"async\" width=\"600\" height=\"321\" src=\"http:\/\/lavozpuntana.com\/wp-content\/uploads\/2023\/08\/farenga-y-sosa.png\" alt=\"\" class=\"wp-image-10081\" srcset=\"https:\/\/lavozpuntana.com\/wp-content\/uploads\/2023\/08\/farenga-y-sosa.png 600w, https:\/\/lavozpuntana.com\/wp-content\/uploads\/2023\/08\/farenga-y-sosa-300x161.png 300w\" sizes=\"auto, (max-width: 600px) 100vw, 600px\" \/><\/figure>\n\n\n\n<p>En la oportunidad se trat\u00f3 la impugnaci\u00f3n que hab\u00eda presentado la Lista 11 \u201cUniversitarios Unidos\u201d, al fallo de la Junta Electoral que \u2013 seg\u00fan su ponderaci\u00f3n \u2013 resolv\u00eda el triunfo en las direcciones de las Escuelas de Ciencias de la Salud y Ciencias Sociales y Educaci\u00f3n, en favor de la lista oficialista que encabez\u00f3 el actual rector David Rivarola.<\/p>\n\n\n\n<p>La controversia se gener\u00f3 a partir de diferentes interpretaciones que se hicieron sobre la metodolog\u00eda que deb\u00eda aplicarse en cuanto a la ponderaci\u00f3n de los votos de los claustros de docentes y alumnos. En ambas el oficialismo triunf\u00f3 en el segmento de los profesores, pero perdi\u00f3 por mucha diferencia en el estamento de los alumnos.<\/p>\n\n\n\n<p>Seg\u00fan el calendario electoral, la reuni\u00f3n del Superior deb\u00eda convocarse para el viernes 1\u00b0 de setiembre, pero imprevistamente el rector dispuso citarla para este mi\u00e9rcoles, lo cual fue cuestionado por los consejeros que responden a Marcelo Sosa, interpretando que fue una maniobra para evitar que fueran reemplazados aquellos representantes que por alg\u00fan motivo se ausentaron, como la directora de la Escuela de Gesti\u00f3n de Empresas y Econom\u00eda, Mariana Ceballos.<\/p>\n\n\n\n<p>La sesi\u00f3n se desarroll\u00f3 en un clima de alta tensi\u00f3n, que incluso estuvo a punto de ser levantada por el presidente de la misma, el Dr. Rivarola, por interpretar que la presencia de una consejera suplente era ilegal, porque cuando fue electa ingres\u00f3 por una lista diferente.<\/p>\n\n\n\n<p>Tras retirarse la misma, las deliberaciones pudieron continuar, pero en cada intervenci\u00f3n los presentes intercambiaron chicanas y acusaciones en torno del esp\u00edritu de la Reforma Universitaria del \u00b418 y la representaci\u00f3n democr\u00e1tica de los claustros, entre otros puntos.<\/p>\n\n\n\n<p>El momento m\u00e1s tenso se dio cuando finalmente, tras cerca de dos horas y media de discusiones, se vot\u00f3 por la aceptaci\u00f3n o no de la impugnaci\u00f3n presentada por la Lista 11.<\/p>\n\n\n\n<p>Al parecer la actual gesti\u00f3n present\u00eda que pod\u00eda ganar la votaci\u00f3n, que hasta ese momento parec\u00eda igualada en 9 consejeros por bando, con lo cual desempataba Rivarola. Pero el voto de un estudiante termin\u00f3 por inclinar la balanza hacia la oposici\u00f3n, que termin\u00f3 imponi\u00e9ndose por 10 a 8 votos.<\/p>\n\n\n\n<p>De acuerdo con el resultado final, el 30 de octubre asumir\u00e1n sus cargos el Dr. Marcelo Sosa y el Lic. Santiago Farenga como rector y vicerrector, junto con los directores de las cuatro escuelas: Paola Mu\u00f1oz (Salud), Roxana Tropich (Sociales y Educaci\u00f3n), Alejandro Rosa (Ingenier\u00eda y Ciencias Ambientales) y Diego P\u00e1jaro (Gesti\u00f3n de Empresas y Econom\u00eda), junto con los consejeros y representantes de los claustros docentes, alumnos, nodocentes y graduados en los distintos \u00f3rganos colegiados.<\/p>\n\n\n\n<p>Seg\u00fan trascendi\u00f3, el oficialismo estar\u00eda decidido a apelar el fallo ante la Justicia Federal, aunque tienen conciencia que es poco probable que puedan obtener un fallo favorable a sus pretensiones, en virtud del criterio que suele primar en los estrados judiciales en cuanto al respeto a la autonom\u00eda universitaria.<\/p>\n\n\n\n<p>Fuente: Apuntes de San Luis.<\/p>\n","protected":false},"excerpt":{"rendered":"<p>El rector y vicerrector electos de la Universidad Nacional de Villa Mercedes, Marcelo David Sosa y Santiago Farenga, terminaron ganando las direcciones de las cuatro escuelas, tras la sesi\u00f3n del Consejo Superior que se celebr\u00f3 este mi\u00e9rcoles por la ma\u00f1ana, que pone punto final al proceso electoral que desemboc\u00f3 en las elecciones de renovaci\u00f3n de autoridades el pasado 16 de agosto.<\/p>\n","protected":false},"author":4,"featured_media":10081,"comment_status":"closed","ping_status":"closed","sticky":false,"template":"","format":"standard","meta":{"footnotes":""},"categories":[4],"tags":[],"class_list":["post-10205","post","type-post","status-publish","format-standard","has-post-thumbnail","hentry","category-la-provincia"],"_links":{"self":[{"href":"https:\/\/lavozpuntana.com\/index.php?rest_route=\/wp\/v2\/posts\/10205","targetHints":{"allow":["GET"]}}],"collection":[{"href":"https:\/\/lavozpuntana.com\/index.php?rest_route=\/wp\/v2\/posts"}],"about":[{"href":"https:\/\/lavozpuntana.com\/index.php?rest_route=\/wp\/v2\/types\/post"}],"author":[{"embeddable":true,"href":"https:\/\/lavozpuntana.com\/index.php?rest_route=\/wp\/v2\/users\/4"}],"replies":[{"embeddable":true,"href":"https:\/\/lavozpuntana.com\/index.php?rest_route=%2Fwp%2Fv2%2Fcomments&post=10205"}],"version-history":[{"count":1,"href":"https:\/\/lavozpuntana.com\/index.php?rest_route=\/wp\/v2\/posts\/10205\/revisions"}],"predecessor-version":[{"id":10206,"href":"https:\/\/lavozpuntana.com\/index.php?rest_route=\/wp\/v2\/posts\/10205\/revisions\/10206"}],"wp:featuredmedia":[{"embeddable":true,"href":"https:\/\/lavozpuntana.com\/index.php?rest_route=\/wp\/v2\/media\/10081"}],"wp:attachment":[{"href":"https:\/\/lavozpuntana.com\/index.php?rest_route=%2Fwp%2Fv2%2Fmedia&parent=10205"}],"wp:term":[{"taxonomy":"category","embeddable":true,"href":"https:\/\/lavozpuntana.com\/index.php?rest_route=%2Fwp%2Fv2%2Fcategories&post=10205"},{"taxonomy":"post_tag","embeddable":true,"href":"https:\/\/lavozpuntana.com\/index.php?rest_route=%2Fwp%2Fv2%2Ftags&post=10205"}],"curies":[{"name":"wp","href":"https:\/\/api.w.org\/{rel}","templated":true}]}}