{"id":10215,"date":"2023-08-31T01:19:22","date_gmt":"2023-08-31T04:19:22","guid":{"rendered":"https:\/\/lavozpuntana.com\/?p=10215"},"modified":"2023-09-05T00:22:50","modified_gmt":"2023-09-05T03:22:50","slug":"alberto-fernandez-pidio-a-los-empresarios-que-no-se-quejen-y-paguen-el-bono-a-los-trabajadores","status":"publish","type":"post","link":"https:\/\/lavozpuntana.com\/?p=10215","title":{"rendered":"ALBERTO FERN\u00c1NDEZ PIDI\u00d3 A LOS EMPRESARIOS QUE \u201cNO SE QUEJEN\u201d Y PAGUEN EL BONO A LOS TRABAJADORES"},"content":{"rendered":"\n<p><strong>El presidente Alberto Fern\u00e1ndez dijo este mi\u00e9rcoles que las medidas adoptadas en los \u00faltimos d\u00edas no son un \u201cplan platita\u201d, sino el \u201cplan justicia\u201d; pidi\u00f3 a los empresarios que \u201cno se quejen\u201d por el pago de la suma fija para trabajadores y dijo que le llama \u201cla atenci\u00f3n que Catamarca y La Rioja puedan\u201d pagarla \u201cy la ciudad m\u00e1s opulenta (por Buenos Aires) tenga dificultades para hacer eso\u201d.<\/strong><\/p>\n\n\n\n<figure class=\"wp-block-image size-large\"><img loading=\"lazy\" decoding=\"async\" width=\"1024\" height=\"576\" src=\"https:\/\/lavozpuntana.com\/wp-content\/uploads\/2023\/08\/alberto-1-1024x576.jpg\" alt=\"\" class=\"wp-image-10216\" srcset=\"https:\/\/lavozpuntana.com\/wp-content\/uploads\/2023\/08\/alberto-1-1024x576.jpg 1024w, https:\/\/lavozpuntana.com\/wp-content\/uploads\/2023\/08\/alberto-1-300x169.jpg 300w, https:\/\/lavozpuntana.com\/wp-content\/uploads\/2023\/08\/alberto-1-768x432.jpg 768w, https:\/\/lavozpuntana.com\/wp-content\/uploads\/2023\/08\/alberto-1-800x450.jpg 800w, https:\/\/lavozpuntana.com\/wp-content\/uploads\/2023\/08\/alberto-1.jpg 1200w\" sizes=\"auto, (max-width: 1024px) 100vw, 1024px\" \/><\/figure>\n\n\n\n<p>\u201cPara que a nadie lo confundan, no es un plan platita, es el plan justicia, que los que m\u00e1s tienen, repartan\u201d, dijo el Presidente al inaugurar la pavimentaci\u00f3n de la Ruta Provincial N\u00ba3, en el tramo entre el l\u00edmite con La Rioja y Catamarca, lugar desde donde hizo una defensa del Estado y de la obra p\u00fablica y lanz\u00f3 cr\u00edticas a las fuerzas opositoras y al Fondo Monetario Internacional (FMI).<\/p>\n\n\n\n<p>\u201cA los empresarios que se llenaron de plata los dos \u00faltimos a\u00f1os en los que Argentina creci\u00f3 16% y en la pandemia lleg\u00f3 la hora de distribuir. Que no se quejen, que alguna vez piensen en la comunidad en la que viven y dejen de pensar en sus bolsillos. Lo que estamos haciendo es un poco de justicia\u201d, dijo el jefe de Estado.<\/p>\n\n\n\n<p>El Presidente critic\u00f3 a los pol\u00edticos que, detr\u00e1s de la \u201cfachada\u201d de rockstar, esconden \u201cuna enorme mentira que enga\u00f1a a los j\u00f3venes y a los confundidos. Cada vez que ganan, hacen negocios con la verdadera casta que quiere gobernar Argentina y que es la casta de los ricos y los poderosos\u201d<\/p>\n\n\n\n<p>Se\u00f1al\u00f3, en el mismo sentido, que le llama \u201cla atenci\u00f3n que Catamarca y La Rioja, puedan\u201d pagar la suma fija, y la Ciudad (de Buenos Aires), m\u00e1s opulenta, tenga dificultades para hacer eso\u201d.<\/p>\n\n\n\n<p>Acompa\u00f1ado por el ministro de Obras P\u00fablicas, Gabriel Katopodis, y por los gobernadores de Catamarca y de La Rioja, Ra\u00fal Jalil y Ricardo Quintela, el primer mandatario dijo que sabe que se atraviesan \u201cmomentos dif\u00edciles\u201d y que muchos \u201cest\u00e1n desalentados\u201d, pero llam\u00f3 a que \u201cconviertan ese desaliento en fuerza, para que la Argentina no retroceda, no vuelva atr\u00e1s\u201d.<\/p>\n\n\n\n<p>\u201cPara que no vuelvan los que nos dejaron la deuda y la inflaci\u00f3n a explicarnos c\u00f3mo se sale de la deuda y la inflaci\u00f3n\u201d, ejemplific\u00f3.<\/p>\n\n\n\n<p>Respecto del FMI, Fern\u00e1ndez dijo que si su Gobierno hubiera hecho caso a ese organismo internacional \u201cArgentina estar\u00eda enormemente empobrecida, con una devaluaci\u00f3n impresionante\u201d.<\/p>\n\n\n\n<p>\u201cEso es lo que nos ped\u00edan que hici\u00e9ramos. No lo hicimos y no lo vamos a hacer\u201d, a\u00f1adi\u00f3.<\/p>\n\n\n\n<p>En esa misma l\u00ednea critic\u00f3 a un pol\u00edtico de la oposici\u00f3n que \u201cllam\u00f3 al FMI para pedir que no acompa\u00f1en a la Argentina\u201d y afirm\u00f3 que se trata del ministro que le \u201cpidi\u00f3 ayuda para parar la estampida del d\u00f3lar a fines de 2019\u201d, en alusi\u00f3n a Hern\u00e1n Lacunza.<\/p>\n\n\n\n<p>\u201cYo pens\u00e9 en ustedes, ellos piensan en ellos. Una estampida iba a llenar de pobres a la Argentina, y no sab\u00eda cu\u00e1ntos votos perd\u00eda y no me import\u00f3\u201d, dijo Fern\u00e1ndez recordando los \u00faltimos meses de la administraci\u00f3n de Mauricio Macri.<\/p>\n\n\n\n<p>Tambi\u00e9n fustig\u00f3 a los pol\u00edticos que, detr\u00e1s de la \u201cfachada\u201d de rockstar, esconden \u201cuna enorme mentira que enga\u00f1a a los j\u00f3venes y a los confundidos\u201d, en alusi\u00f3n a Javier Milei.<\/p>\n\n\n\n<p>\u201cCada vez que ganan, hacen negocios con la verdadera casta que quiere gobernar Argentina y que es la casta de los ricos y los poderosos\u201d, apunt\u00f3.<\/p>\n\n\n\n<p>En un escenario montado sobre la misma ruta y con el imponente nevado de Famatina a sus espaldas, dijo que ninguna empresa privada estar\u00eda dispuesta a construir en ese lugar y record\u00f3 la promesa electoral del candidato presidencial Milei (La Libertad Avanza) de cerrar el Ministerio de Obras P\u00fablicas.<\/p>\n\n\n\n<p>\u201cDicen que hay que eliminar el Ministerio de Obras P\u00fablicas, como si no hiciera falta. Sin ministerio, no habr\u00eda obras como \u00e9sta\u201d, a\u00f1adi\u00f3.<\/p>\n\n\n\n<p>Tambi\u00e9n record\u00f3 que su administraci\u00f3n tiene \u201cla tasa de desempleo m\u00e1s baja en muchos a\u00f1os\u201d y reconoci\u00f3 que \u201cha costado mucho hacer crecer los ingresos de los que trabajan\u201d, pero record\u00f3 el \u201cproceso inflacionario\u201d que hered\u00f3.<\/p>\n\n\n\n<p>\u201cNo dejaron un pa\u00eds con cero inflaci\u00f3n. Nos dejaron un pa\u00eds con una deuda impagable, y con una inflaci\u00f3n de 54 puntos\u201d, record\u00f3 Fern\u00e1ndez.<\/p>\n\n\n\n<p>Al inicio del acto, Katopodis llam\u00f3 a convencerse \u201cen cada barrio, en cada pueblo\u201d de que Argentina \u201ces un gran pa\u00eds\u201d.<\/p>\n\n\n\n<p>\u201cEl proyecto de pa\u00eds que tiene el peronismo, que no se hace desde las encuestas. El peronismo se hace construyendo y transformando la realidad\u201d, apunt\u00f3.<\/p>\n\n\n\n<p>Previamente, los gobernadores destacaron la importancia de las obras en sus provincias y como, en los \u00faltimos cuatro a\u00f1os, se cambi\u00f3 el perfil productivo del Norte Grande.<\/p>\n\n\n\n<p>Quintela destac\u00f3 que la ruta inaugurada es \u201csumamente importante\u201d y que dej\u00f3 de ser \u201cpoco m\u00e1s que una huella minera\u201d para convertirse en un nexo seguro para las comunidades vinculadas.<\/p>\n\n\n\n<p>Jalil agradeci\u00f3 especialmente al presidente Fern\u00e1ndez por las obras realizadas que han significado la creaci\u00f3n de \u201cmuch\u00edsimo empleo privado\u201d y afirm\u00f3 que la \u201cindustria textil y del calzado\u201d que se gener\u00f3 en ambas provincias se convirti\u00f3 en uno de los \u201cpolos industriales\u201d m\u00e1s importantes de la regi\u00f3n.<\/p>\n\n\n\n<p>\u201cLas obras p\u00fablicas las hicieron (Juan) Per\u00f3n, N\u00e9stor (Kirchner), Cristina (Fern\u00e1ndez de Kirchner), lo hizo usted\u201d, dijo el gobernador se\u00f1alando al Presidente, para luego concluir: \u201cEstoy seguro que lo mismo va a hacer Sergio Massa\u201d, el ministro de Econom\u00eda y candidato de Uni\u00f3n por la Patria (UxP).<\/p>\n\n\n\n<p>Con informaci\u00f3n de T\u00e9lam<\/p>\n","protected":false},"excerpt":{"rendered":"<p>El presidente Alberto Fern\u00e1ndez dijo este mi\u00e9rcoles que las medidas adoptadas en los \u00faltimos d\u00edas no son un \u201cplan platita\u201d, sino el \u201cplan justicia\u201d; pidi\u00f3 a los empresarios que \u201cno se quejen\u201d por el pago de la suma fija para trabajadores y dijo que le llama \u201cla atenci\u00f3n que Catamarca y La Rioja puedan\u201d pagarla \u201cy la ciudad m\u00e1s opulenta (por Buenos Aires) tenga dificultades para hacer eso\u201d.<\/p>\n","protected":false},"author":4,"featured_media":10216,"comment_status":"closed","ping_status":"closed","sticky":false,"template":"","format":"standard","meta":{"footnotes":""},"categories":[5],"tags":[],"class_list":["post-10215","post","type-post","status-publish","format-standard","has-post-thumbnail","hentry","category-el-pais"],"_links":{"self":[{"href":"https:\/\/lavozpuntana.com\/index.php?rest_route=\/wp\/v2\/posts\/10215","targetHints":{"allow":["GET"]}}],"collection":[{"href":"https:\/\/lavozpuntana.com\/index.php?rest_route=\/wp\/v2\/posts"}],"about":[{"href":"https:\/\/lavozpuntana.com\/index.php?rest_route=\/wp\/v2\/types\/post"}],"author":[{"embeddable":true,"href":"https:\/\/lavozpuntana.com\/index.php?rest_route=\/wp\/v2\/users\/4"}],"replies":[{"embeddable":true,"href":"https:\/\/lavozpuntana.com\/index.php?rest_route=%2Fwp%2Fv2%2Fcomments&post=10215"}],"version-history":[{"count":1,"href":"https:\/\/lavozpuntana.com\/index.php?rest_route=\/wp\/v2\/posts\/10215\/revisions"}],"predecessor-version":[{"id":10217,"href":"https:\/\/lavozpuntana.com\/index.php?rest_route=\/wp\/v2\/posts\/10215\/revisions\/10217"}],"wp:featuredmedia":[{"embeddable":true,"href":"https:\/\/lavozpuntana.com\/index.php?rest_route=\/wp\/v2\/media\/10216"}],"wp:attachment":[{"href":"https:\/\/lavozpuntana.com\/index.php?rest_route=%2Fwp%2Fv2%2Fmedia&parent=10215"}],"wp:term":[{"taxonomy":"category","embeddable":true,"href":"https:\/\/lavozpuntana.com\/index.php?rest_route=%2Fwp%2Fv2%2Fcategories&post=10215"},{"taxonomy":"post_tag","embeddable":true,"href":"https:\/\/lavozpuntana.com\/index.php?rest_route=%2Fwp%2Fv2%2Ftags&post=10215"}],"curies":[{"name":"wp","href":"https:\/\/api.w.org\/{rel}","templated":true}]}}