{"id":10232,"date":"2023-09-01T00:26:03","date_gmt":"2023-09-01T03:26:03","guid":{"rendered":"https:\/\/lavozpuntana.com\/?p=10232"},"modified":"2023-09-05T00:22:49","modified_gmt":"2023-09-05T03:22:49","slug":"aumentan-las-tarifas-del-comedor-universitario","status":"publish","type":"post","link":"https:\/\/lavozpuntana.com\/?p=10232","title":{"rendered":"AUMENTAN LAS TARIFAS DEL COMEDOR UNIVERSITARIO"},"content":{"rendered":"\n<p><strong>Las tarifas del Comedor de la Universidad Nacional de San Luis (UNSL) tendr\u00e1n un aumento a partir de este viernes 1 de septiembre. El men\u00fa para estudiantes tendr\u00e1 un costo de $350, mientras que para aportantes ser\u00e1 de $700.<\/strong><\/p>\n\n\n\n<figure class=\"wp-block-image size-large\"><img loading=\"lazy\" decoding=\"async\" width=\"1000\" height=\"600\" src=\"http:\/\/lavozpuntana.com\/wp-content\/uploads\/2023\/09\/comedor.jpg\" alt=\"\" class=\"wp-image-10233\" srcset=\"https:\/\/lavozpuntana.com\/wp-content\/uploads\/2023\/09\/comedor.jpg 1000w, https:\/\/lavozpuntana.com\/wp-content\/uploads\/2023\/09\/comedor-300x180.jpg 300w, https:\/\/lavozpuntana.com\/wp-content\/uploads\/2023\/09\/comedor-768x461.jpg 768w\" sizes=\"auto, (max-width: 1000px) 100vw, 1000px\" \/><\/figure>\n\n\n\n<p>Ra\u00fal P\u00e1ez, secretario de Asuntos Estudiantiles y Bienestar Universitario (Saebu), expres\u00f3: \u201cNos vemos obligados a aumentar. Intentamos otras alternativas, en su momento nos ayud\u00f3 Rectorado con las licitaciones, pero ya es inevitable. Podr\u00edamos acortar las porciones, perder la calidad, cambiar de men\u00fa, pero no queremos sacrificar esto\u201d.<\/p>\n\n\n\n<p>Y explic\u00f3: \u201cNo queremos llegar al l\u00edmite de no poder brindar el servicio, es por eso que nos debemos tambi\u00e9n a nuestros proveedores\u201d.<\/p>\n","protected":false},"excerpt":{"rendered":"<p>Las tarifas del Comedor de la Universidad Nacional de San Luis (UNSL) tendr\u00e1n un aumento a partir de este viernes 1 de septiembre. El men\u00fa para estudiantes tendr\u00e1 un costo de $350, mientras que para aportantes ser\u00e1 de $700.<\/p>\n","protected":false},"author":4,"featured_media":10233,"comment_status":"closed","ping_status":"closed","sticky":false,"template":"","format":"standard","meta":{"footnotes":""},"categories":[4],"tags":[],"class_list":["post-10232","post","type-post","status-publish","format-standard","has-post-thumbnail","hentry","category-la-provincia"],"_links":{"self":[{"href":"https:\/\/lavozpuntana.com\/index.php?rest_route=\/wp\/v2\/posts\/10232","targetHints":{"allow":["GET"]}}],"collection":[{"href":"https:\/\/lavozpuntana.com\/index.php?rest_route=\/wp\/v2\/posts"}],"about":[{"href":"https:\/\/lavozpuntana.com\/index.php?rest_route=\/wp\/v2\/types\/post"}],"author":[{"embeddable":true,"href":"https:\/\/lavozpuntana.com\/index.php?rest_route=\/wp\/v2\/users\/4"}],"replies":[{"embeddable":true,"href":"https:\/\/lavozpuntana.com\/index.php?rest_route=%2Fwp%2Fv2%2Fcomments&post=10232"}],"version-history":[{"count":1,"href":"https:\/\/lavozpuntana.com\/index.php?rest_route=\/wp\/v2\/posts\/10232\/revisions"}],"predecessor-version":[{"id":10234,"href":"https:\/\/lavozpuntana.com\/index.php?rest_route=\/wp\/v2\/posts\/10232\/revisions\/10234"}],"wp:featuredmedia":[{"embeddable":true,"href":"https:\/\/lavozpuntana.com\/index.php?rest_route=\/wp\/v2\/media\/10233"}],"wp:attachment":[{"href":"https:\/\/lavozpuntana.com\/index.php?rest_route=%2Fwp%2Fv2%2Fmedia&parent=10232"}],"wp:term":[{"taxonomy":"category","embeddable":true,"href":"https:\/\/lavozpuntana.com\/index.php?rest_route=%2Fwp%2Fv2%2Fcategories&post=10232"},{"taxonomy":"post_tag","embeddable":true,"href":"https:\/\/lavozpuntana.com\/index.php?rest_route=%2Fwp%2Fv2%2Ftags&post=10232"}],"curies":[{"name":"wp","href":"https:\/\/api.w.org\/{rel}","templated":true}]}}