{"id":10283,"date":"2023-09-05T01:02:26","date_gmt":"2023-09-05T04:02:26","guid":{"rendered":"https:\/\/lavozpuntana.com\/?p=10283"},"modified":"2023-09-05T01:02:27","modified_gmt":"2023-09-05T04:02:27","slug":"trabajadores-de-planes-sociales-marcharan-a-la-legislatura","status":"publish","type":"post","link":"https:\/\/lavozpuntana.com\/?p=10283","title":{"rendered":"TRABAJADORES DE PLANES SOCIALES MARCHAR\u00c1N A LA LEGISLATURA"},"content":{"rendered":"\n<p><strong>La concentraci\u00f3n ser\u00e1 frente a la plaza Pringles en la ciudad de San Luis en la ma\u00f1ana del martes, luego caminar\u00e1n hasta la Legislatura provincial para reclamar que se legisle el pase de planes a contratos de planta permanente, promesa electoral que no se cumpli\u00f3.<\/strong><\/p>\n\n\n\n<p>El vienes, los trabajadores del plan social provincial se manifestaron frente a Terrazas del Portezuelo. Reclaman que los pasen a \u00abcontratos\u00bb que prometieron antes de las elecciones provinciales.<\/p>\n\n\n\n<p>Una beneficiaria del Plan de Inclusi\u00f3n lo adelant\u00f3 en el programa Informaci\u00f3n Sin Ruido, que conduce Eduardo Olivares.<\/p>\n\n\n\n<p>Muchos de los beneficiarios -que cobran tan solo $60.000 mensuales- ya est\u00e1n cumpliendo distintas funciones para el Gobierno provincial. Algunos de ellos trabajan en los nuevos \u00abNodos\u00bb de control que el Ministerio de Seguridad instal\u00f3 en distintos lugares de las ciudades y pueblos de la provincia. Por tal motivo, ante el reclamo del d\u00eda viernes, el ministro Claudio Latini se acerc\u00f3 a dialogar con ellos: \u00abQueremos que tengan un sueldo digno pero hay una ley que tiene un tope\u00bb, justific\u00f3 el funcionario de Rodr\u00edguez Sa\u00e1.<\/p>\n\n\n\n<p>\u00abMiren chicos, la mayor\u00eda firm\u00f3 contrato, por supuesto que queremos que tengan un sueldo digno como cualquier empleado p\u00fablico, pero hay una ley que tiene un tope que no permite m\u00e1s de esa cantidad de empleados p\u00fablicos\u00bb, \u00abSe est\u00e1 modificando la ley, hasta tanto senadores no trate la ley de presupuesto no podemos decir que ya son empleados p\u00fablicos\u00bb, explic\u00f3.<\/p>\n","protected":false},"excerpt":{"rendered":"<p>La concentraci\u00f3n ser\u00e1 frente a la plaza Pringles en la ciudad de San Luis en la ma\u00f1ana del martes, luego caminar\u00e1n hasta la Legislatura provincial para reclamar que se legisle el pase de planes a contratos de planta permanente, promesa electoral que no se cumpli\u00f3.<\/p>\n","protected":false},"author":4,"featured_media":10284,"comment_status":"closed","ping_status":"closed","sticky":false,"template":"","format":"standard","meta":{"footnotes":""},"categories":[4],"tags":[],"class_list":["post-10283","post","type-post","status-publish","format-standard","has-post-thumbnail","hentry","category-la-provincia"],"_links":{"self":[{"href":"https:\/\/lavozpuntana.com\/index.php?rest_route=\/wp\/v2\/posts\/10283","targetHints":{"allow":["GET"]}}],"collection":[{"href":"https:\/\/lavozpuntana.com\/index.php?rest_route=\/wp\/v2\/posts"}],"about":[{"href":"https:\/\/lavozpuntana.com\/index.php?rest_route=\/wp\/v2\/types\/post"}],"author":[{"embeddable":true,"href":"https:\/\/lavozpuntana.com\/index.php?rest_route=\/wp\/v2\/users\/4"}],"replies":[{"embeddable":true,"href":"https:\/\/lavozpuntana.com\/index.php?rest_route=%2Fwp%2Fv2%2Fcomments&post=10283"}],"version-history":[{"count":1,"href":"https:\/\/lavozpuntana.com\/index.php?rest_route=\/wp\/v2\/posts\/10283\/revisions"}],"predecessor-version":[{"id":10285,"href":"https:\/\/lavozpuntana.com\/index.php?rest_route=\/wp\/v2\/posts\/10283\/revisions\/10285"}],"wp:featuredmedia":[{"embeddable":true,"href":"https:\/\/lavozpuntana.com\/index.php?rest_route=\/wp\/v2\/media\/10284"}],"wp:attachment":[{"href":"https:\/\/lavozpuntana.com\/index.php?rest_route=%2Fwp%2Fv2%2Fmedia&parent=10283"}],"wp:term":[{"taxonomy":"category","embeddable":true,"href":"https:\/\/lavozpuntana.com\/index.php?rest_route=%2Fwp%2Fv2%2Fcategories&post=10283"},{"taxonomy":"post_tag","embeddable":true,"href":"https:\/\/lavozpuntana.com\/index.php?rest_route=%2Fwp%2Fv2%2Ftags&post=10283"}],"curies":[{"name":"wp","href":"https:\/\/api.w.org\/{rel}","templated":true}]}}