{"id":103,"date":"2021-01-23T14:39:40","date_gmt":"2021-01-23T14:39:40","guid":{"rendered":"http:\/\/lavozpuntana.com\/?p=103"},"modified":"2021-01-23T14:39:42","modified_gmt":"2021-01-23T14:39:42","slug":"felipe-sola-en-la-cuerda-floja","status":"publish","type":"post","link":"https:\/\/lavozpuntana.com\/?p=103","title":{"rendered":"Felipe Sol\u00e1 en la cuerda floja"},"content":{"rendered":"\n<h4 class=\"wp-block-heading\">La C\u00e1mpora avanza en lugares clave, y Alberto se queda sin \u00abtropa propia\u00bb<\/h4>\n\n\n\n<figure class=\"wp-block-image size-large\"><img decoding=\"async\" src=\"http:\/\/lavozpuntana.com\/wp-content\/uploads\/2021\/01\/Felipe-Sola.jpg\" alt=\"\" class=\"wp-image-107\"\/><\/figure>\n\n\n\n<p class=\"has-medium-font-size\">El mensaje de <strong>Felipe Sol\u00e1<\/strong> al actual presidente norteamericano, al cual le pidi\u00f3 que <strong>\u00absu mandato no divida la regi\u00f3n\u00bb<\/strong> fue la gota que rebals\u00f3 el vaso para el cristinismo m\u00e1s duro del Instituto Patria, y salieron a pedir la cabeza del actual canciller. Si bien todav\u00eda no se conoce qui\u00e9n ser\u00eda su reemplazante, aunque se barajaron varios nombres como: <strong>Arguello<\/strong>, <strong>Scioli<\/strong>, o alg\u00fan camporista m\u00e1s duro, lo cierto es que el nombre todav\u00eda est\u00e1 en danza.<\/p>\n\n\n\n<p class=\"has-medium-font-size\">La semana pasada comenz\u00f3 el avance del Instituto Patria sobre el gabinete de Alberto, corriendo a <strong>Nielsen de YPF<\/strong> y poniendo en su lugar a un funcionario que vienen del ri\u00f1\u00f3n chubutense de la actual vicepresidente, e incluso del propio M\u00e1ximo Kirchner, <strong>consumando as\u00ed la consolidaci\u00f3n del kirchnerismo duro en el \u00e1rea energ\u00e9tica nacional<\/strong>. Ya lo viene adelantando Cristina; \u00abHay funcionarios que no funcionan\u00bb y los quieren cambiar por propios \u00abm\u00e1s leales\u00bb a la l\u00ednea dura del cristinismo.<\/p>\n\n\n\n<figure class=\"wp-block-image size-large\"><img decoding=\"async\" src=\"http:\/\/lavozpuntana.com\/wp-content\/uploads\/2021\/01\/Cristina.jpg\" alt=\"\" class=\"wp-image-109\"\/><\/figure>\n\n\n\n<p class=\"has-medium-font-size\">La crisis econ\u00f3mica est\u00e1 poniendo en jaque a Alberto, y <strong>lo va dejando sin opci\u00f3n de poder elegir sus propios funcionarios<\/strong>. La vicepresidente, que no est\u00e1 dispuesta a pagar el costo pol\u00edtico de las idas y vueltas de Fern\u00e1ndez, empez\u00f3 a encarar cambios que salen del propio n\u00facleo duro k.<\/p>\n\n\n\n<p class=\"has-medium-font-size\"><strong>La gesti\u00f3n de la pandemia, que comenz\u00f3 como un \u00e9xito pol\u00edtico para el gobierno, hoy se est\u00e1 transformando en una carga, los fracasos se van acumulando<\/strong>, y los propios ya le empiezan a pegar a la figura presidencial, culpando a Alberto de los aumentos de casos, los aumentos de precios, la falta de empleo y la inflaci\u00f3n. <strong>Por eso nadie quiere quedar pegado, y la estrategia de empezar a ocupar lugares clave fue la respuesta de Cristina<\/strong> para avanzar sobre el gabinete de Fern\u00e1ndez. Por ahora es todo una inc\u00f3gnita, incluso <strong>quienes ser\u00e1n los funcionarios que seguir\u00e1n a Felipe Sol\u00e1 en el \u00e9xodo<\/strong> que se viene para los funcionarios leales a Alberto.<\/p>\n","protected":false},"excerpt":{"rendered":"<p>La C\u00e1mpora avanza en lugares clave, y Alberto se queda sin \u00abtropa propia\u00bb El mensaje<\/p>\n","protected":false},"author":4,"featured_media":0,"comment_status":"closed","ping_status":"closed","sticky":false,"template":"","format":"standard","meta":{"footnotes":""},"categories":[5],"tags":[16,26,27,25,24],"class_list":["post-103","post","type-post","status-publish","format-standard","hentry","category-el-pais","tag-albertofernandez","tag-cambiosenelgabinete","tag-cancilleria","tag-cristinakirchner","tag-felipesola"],"_links":{"self":[{"href":"https:\/\/lavozpuntana.com\/index.php?rest_route=\/wp\/v2\/posts\/103","targetHints":{"allow":["GET"]}}],"collection":[{"href":"https:\/\/lavozpuntana.com\/index.php?rest_route=\/wp\/v2\/posts"}],"about":[{"href":"https:\/\/lavozpuntana.com\/index.php?rest_route=\/wp\/v2\/types\/post"}],"author":[{"embeddable":true,"href":"https:\/\/lavozpuntana.com\/index.php?rest_route=\/wp\/v2\/users\/4"}],"replies":[{"embeddable":true,"href":"https:\/\/lavozpuntana.com\/index.php?rest_route=%2Fwp%2Fv2%2Fcomments&post=103"}],"version-history":[{"count":4,"href":"https:\/\/lavozpuntana.com\/index.php?rest_route=\/wp\/v2\/posts\/103\/revisions"}],"predecessor-version":[{"id":110,"href":"https:\/\/lavozpuntana.com\/index.php?rest_route=\/wp\/v2\/posts\/103\/revisions\/110"}],"wp:attachment":[{"href":"https:\/\/lavozpuntana.com\/index.php?rest_route=%2Fwp%2Fv2%2Fmedia&parent=103"}],"wp:term":[{"taxonomy":"category","embeddable":true,"href":"https:\/\/lavozpuntana.com\/index.php?rest_route=%2Fwp%2Fv2%2Fcategories&post=103"},{"taxonomy":"post_tag","embeddable":true,"href":"https:\/\/lavozpuntana.com\/index.php?rest_route=%2Fwp%2Fv2%2Ftags&post=103"}],"curies":[{"name":"wp","href":"https:\/\/api.w.org\/{rel}","templated":true}]}}