{"id":10309,"date":"2023-09-07T16:56:39","date_gmt":"2023-09-07T19:56:39","guid":{"rendered":"https:\/\/lavozpuntana.com\/?p=10309"},"modified":"2023-09-07T16:56:40","modified_gmt":"2023-09-07T19:56:40","slug":"no-hubo-quorum-en-diputados-para-tratar-la-modificacion-de-la-ley-de-presupuesto","status":"publish","type":"post","link":"https:\/\/lavozpuntana.com\/?p=10309","title":{"rendered":"NO HUBO QUORUM EN DIPUTADOS PARA TRATAR LA MODIFICACI\u00d3N DE LA LEY DE PRESUPUESTO"},"content":{"rendered":"\n<p><strong>La pol\u00e9mica Ley que fue aprobada en la c\u00e1mara alta, se incorpor\u00f3, pocas horas antes del inicio de la sesi\u00f3n de ayer, al sumario de la c\u00e1mara de diputados.<\/strong><\/p>\n\n\n\n<figure class=\"wp-block-image size-large\"><img loading=\"lazy\" decoding=\"async\" width=\"1024\" height=\"460\" src=\"http:\/\/lavozpuntana.com\/wp-content\/uploads\/2023\/09\/WhatsApp-Image-2023-09-06-at-2.26.24-PM-1536x690-1-1024x460.jpeg\" alt=\"\" class=\"wp-image-10310\" srcset=\"https:\/\/lavozpuntana.com\/wp-content\/uploads\/2023\/09\/WhatsApp-Image-2023-09-06-at-2.26.24-PM-1536x690-1-1024x460.jpeg 1024w, https:\/\/lavozpuntana.com\/wp-content\/uploads\/2023\/09\/WhatsApp-Image-2023-09-06-at-2.26.24-PM-1536x690-1-300x135.jpeg 300w, https:\/\/lavozpuntana.com\/wp-content\/uploads\/2023\/09\/WhatsApp-Image-2023-09-06-at-2.26.24-PM-1536x690-1-768x345.jpeg 768w, https:\/\/lavozpuntana.com\/wp-content\/uploads\/2023\/09\/WhatsApp-Image-2023-09-06-at-2.26.24-PM-1536x690-1.jpeg 1536w\" sizes=\"auto, (max-width: 1024px) 100vw, 1024px\" \/><\/figure>\n\n\n\n<p>Este mi\u00e9rcoles la C\u00e1mara de Diputados no sesion\u00f3 por falta de qu\u00f3rum porque el oficialismo iba a impulsar el tratamiento sobre tablas de la modificaci\u00f3n de la Ley de Presupuestos 2023 para permitir la contrataci\u00f3n de beneficiarios del Plan de Inclusi\u00f3n. La media sanci\u00f3n fue aprobada ayer por mayor\u00eda.<\/p>\n\n\n\n<p>Los bloques opositores no bajaron al recinto y faltaron seis diputados del bloque oficialista aprovech\u00f3 por lo que no lograron qu\u00f3rum propio para sesionar. En el recinto hab\u00eda 19 diputados del oficialismo y se necesitaban 23 legisladores para sesionar.<\/p>\n\n\n\n<p>De oficialismo faltaron a la sesi\u00f3n Gloria Petrino, Alberto Leyes, Irusta, Aguero, Farias y Garro.<\/p>\n\n\n\n<p>No menos relevante fue que en el sumario de hoy no figuraba el tratamiento de la modificaci\u00f3n del art\u00edculo 11 de la Ley de Presupuesto 2023 que finalmente fue incorporado horas antes del inicio de la sesi\u00f3n, lo que gener\u00f3 polemica y descontento en la oposici\u00f3n.<\/p>\n\n\n\n<p>En ese sentido, desde la oposici\u00f3n dejaron trascender que no acudieron a la sesi\u00f3n por considerar ilegal la incorporaci\u00f3n de documentaci\u00f3n fuera de horario. Sin embargo, desde la oposici\u00f3n no hicieron declaraciones a la prensa.<\/p>\n\n\n\n<p>La presidente de la C\u00e1mara de Diputados, Silvia Sosa Araujo, manifest\u00f3 que se puede incorporar documentaci\u00f3n de organismos externos (Senado en este caso) hasta ocho horas antes de la sesi\u00f3n, seg\u00fan el Reglamento Interno.<\/p>\n","protected":false},"excerpt":{"rendered":"<p>La pol\u00e9mica Ley que fue aprobada en la c\u00e1mara alta, se incorpor\u00f3, pocas horas antes del inicio de la sesi\u00f3n de ayer, al sumario de la c\u00e1mara de diputados.<\/p>\n","protected":false},"author":4,"featured_media":10310,"comment_status":"closed","ping_status":"closed","sticky":false,"template":"","format":"standard","meta":{"footnotes":""},"categories":[4],"tags":[],"class_list":["post-10309","post","type-post","status-publish","format-standard","has-post-thumbnail","hentry","category-la-provincia"],"_links":{"self":[{"href":"https:\/\/lavozpuntana.com\/index.php?rest_route=\/wp\/v2\/posts\/10309","targetHints":{"allow":["GET"]}}],"collection":[{"href":"https:\/\/lavozpuntana.com\/index.php?rest_route=\/wp\/v2\/posts"}],"about":[{"href":"https:\/\/lavozpuntana.com\/index.php?rest_route=\/wp\/v2\/types\/post"}],"author":[{"embeddable":true,"href":"https:\/\/lavozpuntana.com\/index.php?rest_route=\/wp\/v2\/users\/4"}],"replies":[{"embeddable":true,"href":"https:\/\/lavozpuntana.com\/index.php?rest_route=%2Fwp%2Fv2%2Fcomments&post=10309"}],"version-history":[{"count":1,"href":"https:\/\/lavozpuntana.com\/index.php?rest_route=\/wp\/v2\/posts\/10309\/revisions"}],"predecessor-version":[{"id":10311,"href":"https:\/\/lavozpuntana.com\/index.php?rest_route=\/wp\/v2\/posts\/10309\/revisions\/10311"}],"wp:featuredmedia":[{"embeddable":true,"href":"https:\/\/lavozpuntana.com\/index.php?rest_route=\/wp\/v2\/media\/10310"}],"wp:attachment":[{"href":"https:\/\/lavozpuntana.com\/index.php?rest_route=%2Fwp%2Fv2%2Fmedia&parent=10309"}],"wp:term":[{"taxonomy":"category","embeddable":true,"href":"https:\/\/lavozpuntana.com\/index.php?rest_route=%2Fwp%2Fv2%2Fcategories&post=10309"},{"taxonomy":"post_tag","embeddable":true,"href":"https:\/\/lavozpuntana.com\/index.php?rest_route=%2Fwp%2Fv2%2Ftags&post=10309"}],"curies":[{"name":"wp","href":"https:\/\/api.w.org\/{rel}","templated":true}]}}