{"id":10312,"date":"2023-09-07T17:22:30","date_gmt":"2023-09-07T20:22:30","guid":{"rendered":"https:\/\/lavozpuntana.com\/?p=10312"},"modified":"2023-09-07T17:22:32","modified_gmt":"2023-09-07T20:22:32","slug":"a-90-dias-de-irse-rodriguez-saa-vacia-las-reservas-de-san-luis","status":"publish","type":"post","link":"https:\/\/lavozpuntana.com\/?p=10312","title":{"rendered":"A 90 D\u00cdAS DE IRSE, RODR\u00cdGUEZ SA\u00c1 VAC\u00cdA LAS RESERVAS DE SAN LUIS"},"content":{"rendered":"\n<p><strong>El gobernador Alberto Rodr\u00edguez Sa\u00e1 logr\u00f3 la autorizaci\u00f3n del Banco Naci\u00f3n Argentina para sacar 88 millones de d\u00f3lares de los 118 millones de reservas de la provincia de San Luis para ser gastados en los pr\u00f3ximos tres meses, sus \u00faltimos noventa d\u00edas en el gobierno provincial.<\/strong><\/p>\n\n\n\n<figure class=\"wp-block-image size-large\"><img loading=\"lazy\" decoding=\"async\" width=\"740\" height=\"500\" src=\"https:\/\/lavozpuntana.com\/wp-content\/uploads\/2023\/09\/Alberto-RS.jpg\" alt=\"\" class=\"wp-image-10313\" srcset=\"https:\/\/lavozpuntana.com\/wp-content\/uploads\/2023\/09\/Alberto-RS.jpg 740w, https:\/\/lavozpuntana.com\/wp-content\/uploads\/2023\/09\/Alberto-RS-300x203.jpg 300w\" sizes=\"auto, (max-width: 740px) 100vw, 740px\" \/><\/figure>\n\n\n\n<p>La noticia la dio a conocer el portal De Pol\u00edtica, desde donde detallaron que fuentes extraoficiales confirmaron que Rodr\u00edguez Sa\u00e1 pidi\u00f3 ese dinero que se acreditar\u00e1 en las pr\u00f3ximas horas en las cuentas del Estado Provincial, gesti\u00f3n que tuvo el consentimiento del ministro de Econom\u00eda, Sergio Massa y de la presidenta del Banco Naci\u00f3n, Silvina Batakis.<\/p>\n\n\n\n<p>Esa operaci\u00f3n tiene un detalle que la hace muy singular. La transformaci\u00f3n de esos d\u00f3lares papel que salen desde una caja fuerte y se convierten en dinero en una cuenta bancaria del Estado provincial se hace a cotizaci\u00f3n de dolar MEP -un valor muy similar al dolar blue-, tratamiento VIP que no lograr\u00e1 un ahorrista com\u00fan y corriente que quisiera sacar sus d\u00f3lares del Banco, dado que se lo cambiar\u00e1n a valor dolar oficial.<\/p>\n\n\n\n<p>La maniobra es parte de su plan, tras perder las elecciones del pasado 11 de junio, de vaciar las reservas provinciales y dejar a la pr\u00f3xima gesti\u00f3n de gobierno con problemas de financiamiento y sin la posibilidad de echar mano a esos ahorros de los puntanos en casos de emergencia. Operativo tierra arrasada.<\/p>\n\n\n\n<p>Seg\u00fan la cuenta de Inversi\u00f3n del a\u00f1o 2022, la provincia de San Luis ten\u00eda al 31 de diciembre del a\u00f1o pasado $ 100.478.585.804 en el Tesoro Provincial, cifra que representaban U$S 315.306.071 al valor del d\u00f3lar MEP al cierre del a\u00f1o pasado.<\/p>\n\n\n\n<p>En poco m\u00e1s de medio a\u00f1o Rodr\u00edguez Sa\u00e1 gast\u00f3 casi 200 millones de d\u00f3lares de las reservas provinciales para hacer frente a los gastos de funcionamiento estatal. Igual suerte correr\u00e1n estos 88 millones que estar\u00e1n disponibles en las pr\u00f3ximas horas y los 30 millones que a\u00fan quedan en el Tesoro nacional.<\/p>\n\n\n\n<p>Conforme la proyecci\u00f3n de gastos que ha tenido el gobierno provincial en los \u00faltimos meses, con la campa\u00f1a electoral marcando un punto central en el calendario, se estima que antes de fin de a\u00f1o ya no habr\u00e1 fondos suficientes para realizar los pagos con regularidad.<\/p>\n\n\n\n<p>Fuente: De Pol\u00edtica<\/p>\n","protected":false},"excerpt":{"rendered":"<p>El gobernador Alberto Rodr\u00edguez Sa\u00e1 logr\u00f3 la autorizaci\u00f3n del Banco Naci\u00f3n Argentina para sacar 88 millones de d\u00f3lares de los 118 millones de reservas de la provincia de San Luis para ser gastados en los pr\u00f3ximos tres meses, sus \u00faltimos noventa d\u00edas en el gobierno provincial.<\/p>\n","protected":false},"author":4,"featured_media":10313,"comment_status":"closed","ping_status":"closed","sticky":false,"template":"","format":"standard","meta":{"footnotes":""},"categories":[4],"tags":[],"class_list":["post-10312","post","type-post","status-publish","format-standard","has-post-thumbnail","hentry","category-la-provincia"],"_links":{"self":[{"href":"https:\/\/lavozpuntana.com\/index.php?rest_route=\/wp\/v2\/posts\/10312","targetHints":{"allow":["GET"]}}],"collection":[{"href":"https:\/\/lavozpuntana.com\/index.php?rest_route=\/wp\/v2\/posts"}],"about":[{"href":"https:\/\/lavozpuntana.com\/index.php?rest_route=\/wp\/v2\/types\/post"}],"author":[{"embeddable":true,"href":"https:\/\/lavozpuntana.com\/index.php?rest_route=\/wp\/v2\/users\/4"}],"replies":[{"embeddable":true,"href":"https:\/\/lavozpuntana.com\/index.php?rest_route=%2Fwp%2Fv2%2Fcomments&post=10312"}],"version-history":[{"count":1,"href":"https:\/\/lavozpuntana.com\/index.php?rest_route=\/wp\/v2\/posts\/10312\/revisions"}],"predecessor-version":[{"id":10314,"href":"https:\/\/lavozpuntana.com\/index.php?rest_route=\/wp\/v2\/posts\/10312\/revisions\/10314"}],"wp:featuredmedia":[{"embeddable":true,"href":"https:\/\/lavozpuntana.com\/index.php?rest_route=\/wp\/v2\/media\/10313"}],"wp:attachment":[{"href":"https:\/\/lavozpuntana.com\/index.php?rest_route=%2Fwp%2Fv2%2Fmedia&parent=10312"}],"wp:term":[{"taxonomy":"category","embeddable":true,"href":"https:\/\/lavozpuntana.com\/index.php?rest_route=%2Fwp%2Fv2%2Fcategories&post=10312"},{"taxonomy":"post_tag","embeddable":true,"href":"https:\/\/lavozpuntana.com\/index.php?rest_route=%2Fwp%2Fv2%2Ftags&post=10312"}],"curies":[{"name":"wp","href":"https:\/\/api.w.org\/{rel}","templated":true}]}}