{"id":10333,"date":"2023-09-08T11:59:45","date_gmt":"2023-09-08T14:59:45","guid":{"rendered":"https:\/\/lavozpuntana.com\/?p=10333"},"modified":"2023-09-08T11:59:47","modified_gmt":"2023-09-08T14:59:47","slug":"beneficiarios-de-inclusion-que-reclaman-el-pase-a-contrato-acampan-frente-a-la-legislatura","status":"publish","type":"post","link":"https:\/\/lavozpuntana.com\/?p=10333","title":{"rendered":"BENEFICIARIOS DE INCLUSI\u00d3N QUE RECLAMAN EL PASE A CONTRATO ACAMPAN FRENTE A LA LEGISLATURA"},"content":{"rendered":"\n<p><strong>Este jueves, beneficiarios de Inclusi\u00f3n Social montaron una suerte de carpa frente a la Legislatura, reclamando el pase a contrato, tal cual lo hicieron ayer mi\u00e9rcoles, d\u00eda en que la sesi\u00f3n de la C\u00e1mara de Diputados en la que se iba a tratar una modificaci\u00f3n del presupuesto 2023 para poder efectivizar estas contrataciones.<\/strong><\/p>\n\n\n\n<figure class=\"wp-block-image size-large\"><img loading=\"lazy\" decoding=\"async\" width=\"550\" height=\"356\" src=\"http:\/\/lavozpuntana.com\/wp-content\/uploads\/2023\/09\/Captura-de-pantalla-2023-09-08-115606.png\" alt=\"\" class=\"wp-image-10334\" srcset=\"https:\/\/lavozpuntana.com\/wp-content\/uploads\/2023\/09\/Captura-de-pantalla-2023-09-08-115606.png 550w, https:\/\/lavozpuntana.com\/wp-content\/uploads\/2023\/09\/Captura-de-pantalla-2023-09-08-115606-300x194.png 300w\" sizes=\"auto, (max-width: 550px) 100vw, 550px\" \/><\/figure>\n\n\n\n<p>\u201cS\u00ed, la verdad que no ten\u00edamos pensado hacer esto, pero con lo que pas\u00f3 ayer, con la ausencia que hicieron, fue una falta de respeto. Nos volvieron a tomar el pelo. Nos hab\u00edan pedido unos d\u00edas para trabajar en esto, pero la verdad que con eso que hicieron ayer, no hay que darles tregua. Nosotros vamos a estar ac\u00e1, as\u00ed sea, hasta el martes, mi\u00e9rcoles, la semana que viene\u201d, coment\u00f3 Micaela Lucero, una de las beneficiarias de Inclusi\u00f3n que reclama el pase a contrato prometido.<\/p>\n\n\n\n<p>Consultada sobre si hay m\u00e1s enojo con la oposici\u00f3n, que no baj\u00f3 al recinto, o con los miembros que faltaron del oficialismo, Micaela respondi\u00f3: \u201cMir\u00e1, justamente en eso hay que hacer hincapi\u00e9. Nosotros empezamos esto por lo que este gobierno actual nos prometi\u00f3. Porque en s\u00ed, el que venga o el que qued\u00f3, no tiene la culpa. Pero este gobierno actual es el que lo prometi\u00f3. Ahora, entre el gobierno actual y el que viene, que arreglen sus cosas, pero que no nos perjudiquen a nosotros. Porque nosotros, a ver, hace seis a\u00f1os que venimos bancando esta situaci\u00f3n y manipuleos. Y siempre amenazando a la gente. Siempre\u201d.<\/p>\n\n\n\n<p>En cuanto al n\u00famero de personas a las que se les prometi\u00f3 un contrato, Lucero sostuvo que es mayor al n\u00famero que contempla la modificaci\u00f3n del presupuesto. \u201cEst\u00e1n en todas las localidades. Tambi\u00e9n en Villa Mercedes, que se ha venido un compa\u00f1ero de Villa Mercedes. Que ya si no le dan una respuesta, se va a encadenar. Y no es lo que queremos. Esto, por ejemplo, es para enfrentar a la gente, lo que est\u00e1 haciendo. Es para enfrentar a la gente como hizo hace a\u00f1os. Que enfrent\u00f3 el primer plan con los docentes. Tal cual. Entonces, a los compa\u00f1eros, por favor, no caigamos en eso. Es una mentira. No nos van a echar\u201d, sostuvo la mujer.<\/p>\n\n\n\n<p>Micaela tambi\u00e9n se refiri\u00f3 a versiones que dan cuenta que, para financiar estos contratos, habr\u00eda que bajar el sueldo de docentes, polic\u00edas y empleados p\u00fablicos. \u201cNo tienen por qu\u00e9 hacer eso. No tienen por qu\u00e9 tocarle el sueldo a ellos, que son trabajadores igual que nosotros. \u00bfPor qu\u00e9 no les toca el sueldo a los funcionarios o a los diputados? \u00bfPor qu\u00e9 no viven ellos con 60.000 pesos?\u201d, dijo la beneficiaria de Inclusi\u00f3n.<\/p>\n\n\n\n<p>Entre la gente que protesta no hay miedo, porque sino no estar\u00edan ac\u00e1. S\u00ed hay miedo de los mismos encargados y supervisores. Muy poquitos son los que nos hacen el apoyo. Pero hay mucha cantidad que se est\u00e1n encargando de amenazar a la gente. Est\u00e1n apretando de una manera terrible. Esto era planeado. Esto no nos lo iban a dar. Lo prometieron porque fue una promesa de campa\u00f1a. Un manot\u00f3n de ahogados porque se la ve\u00edan venir. \u00bfSab\u00e9s lo que te dicen? And\u00e1 a reclamarle a Milei. S\u00ed ellos son los que prometieron\u201d, concluy\u00f3 la mujer, asegurando que la medida se va a sostener hasta que la modificaci\u00f3n sea aprobada.<\/p>\n\n\n\n<p>Fuente: La Gaceta Digital.<\/p>\n","protected":false},"excerpt":{"rendered":"<p>Este jueves, beneficiarios de Inclusi\u00f3n Social montaron una suerte de carpa frente a la Legislatura, reclamando el pase a contrato, tal cual lo hicieron ayer mi\u00e9rcoles, d\u00eda en que la sesi\u00f3n de la C\u00e1mara de Diputados en la que se iba a tratar una modificaci\u00f3n del presupuesto 2023 para poder efectivizar estas contrataciones.<\/p>\n","protected":false},"author":4,"featured_media":10334,"comment_status":"closed","ping_status":"closed","sticky":false,"template":"","format":"standard","meta":{"footnotes":""},"categories":[4],"tags":[],"class_list":["post-10333","post","type-post","status-publish","format-standard","has-post-thumbnail","hentry","category-la-provincia"],"_links":{"self":[{"href":"https:\/\/lavozpuntana.com\/index.php?rest_route=\/wp\/v2\/posts\/10333","targetHints":{"allow":["GET"]}}],"collection":[{"href":"https:\/\/lavozpuntana.com\/index.php?rest_route=\/wp\/v2\/posts"}],"about":[{"href":"https:\/\/lavozpuntana.com\/index.php?rest_route=\/wp\/v2\/types\/post"}],"author":[{"embeddable":true,"href":"https:\/\/lavozpuntana.com\/index.php?rest_route=\/wp\/v2\/users\/4"}],"replies":[{"embeddable":true,"href":"https:\/\/lavozpuntana.com\/index.php?rest_route=%2Fwp%2Fv2%2Fcomments&post=10333"}],"version-history":[{"count":1,"href":"https:\/\/lavozpuntana.com\/index.php?rest_route=\/wp\/v2\/posts\/10333\/revisions"}],"predecessor-version":[{"id":10335,"href":"https:\/\/lavozpuntana.com\/index.php?rest_route=\/wp\/v2\/posts\/10333\/revisions\/10335"}],"wp:featuredmedia":[{"embeddable":true,"href":"https:\/\/lavozpuntana.com\/index.php?rest_route=\/wp\/v2\/media\/10334"}],"wp:attachment":[{"href":"https:\/\/lavozpuntana.com\/index.php?rest_route=%2Fwp%2Fv2%2Fmedia&parent=10333"}],"wp:term":[{"taxonomy":"category","embeddable":true,"href":"https:\/\/lavozpuntana.com\/index.php?rest_route=%2Fwp%2Fv2%2Fcategories&post=10333"},{"taxonomy":"post_tag","embeddable":true,"href":"https:\/\/lavozpuntana.com\/index.php?rest_route=%2Fwp%2Fv2%2Ftags&post=10333"}],"curies":[{"name":"wp","href":"https:\/\/api.w.org\/{rel}","templated":true}]}}