{"id":10336,"date":"2023-09-08T12:03:00","date_gmt":"2023-09-08T15:03:00","guid":{"rendered":"https:\/\/lavozpuntana.com\/?p=10336"},"modified":"2023-09-08T12:03:02","modified_gmt":"2023-09-08T15:03:02","slug":"gremios-estatales-piden-audiencia-al-gobernador-para-hablar-de-control-de-precios-y-pauta-salarial","status":"publish","type":"post","link":"https:\/\/lavozpuntana.com\/?p=10336","title":{"rendered":"GREMIOS ESTATALES PIDEN AUDIENCIA AL GOBERNADOR PARA HABLAR DE \u201cCONTROL DE PRECIOS\u201d Y \u201cPAUTA SALARIAL\u201d"},"content":{"rendered":"\n<p><strong>Los secretarios generales de al menos cinco sindicatos de agentes dependientes del Estado provincial presentaron un pedido de audiencia al gobernador Alberto Rodr\u00edguez Sa\u00e1 para abordar \u201cdiversas preocupaciones que afectan a trabajadores y trabajadores\u201d.<\/strong><\/p>\n\n\n\n<figure class=\"wp-block-image size-large\"><img loading=\"lazy\" decoding=\"async\" width=\"1024\" height=\"683\" src=\"http:\/\/lavozpuntana.com\/wp-content\/uploads\/2023\/09\/terrazas-del-portezuelo-1024x683.jpg\" alt=\"\" class=\"wp-image-10307\" srcset=\"https:\/\/lavozpuntana.com\/wp-content\/uploads\/2023\/09\/terrazas-del-portezuelo-1024x683.jpg 1024w, https:\/\/lavozpuntana.com\/wp-content\/uploads\/2023\/09\/terrazas-del-portezuelo-300x200.jpg 300w, https:\/\/lavozpuntana.com\/wp-content\/uploads\/2023\/09\/terrazas-del-portezuelo-768x512.jpg 768w, https:\/\/lavozpuntana.com\/wp-content\/uploads\/2023\/09\/terrazas-del-portezuelo.jpg 1200w\" sizes=\"auto, (max-width: 1024px) 100vw, 1024px\" \/><\/figure>\n\n\n\n<p>En la solicitud, los gremialistas plantean su \u201cinquietud\u201d por la situaci\u00f3n de los empleados cuyo sueldo no alcanza a cubrir la canasta b\u00e1sica, y piden una \u201catenci\u00f3n y acci\u00f3n inmediata\u201d.<\/p>\n\n\n\n<p>Por otra parte, solicitan \u201cdebatir y revisar la Canasta B\u00e1sica Puntana, adapt\u00e1ndola a la realidad actual de nuestra provincia, pudiendo establecer tambi\u00e9n un control de precios por parte del Estado\u201d.<\/p>\n\n\n\n<p>En otro p\u00e1rrafo de la misiva, los sindicalistas proponen revisar la pauta salarial establecida en agosto, y \u201cdialogar sobre la aplicaci\u00f3n de la cl\u00e1usula gatillo y porcentaje de la futura recomposici\u00f3n salarial\u201d.<\/p>\n\n\n\n<p>La nota lleva la firma de Ana L\u00eda Trifir\u00f3, secretaria general de la Asociaci\u00f3n de Profesionales y T\u00e9cnicos de la Salud (APTS); Ram\u00f3n L\u00e1zaro Rosales, secretario general de la Asociaci\u00f3n del Personal de Empleados Legislativos (APEL); Stefan\u00eda Nemzoff, secretaria general del Sindicato de Empleados Provinciales (SiEP); Soledad Correa Amiotti, secretaria general de la Uni\u00f3n de Trabadores de la Educaci\u00f3n P\u00fablica (UTEP); y Luciano Cardarelli, secretario general del Sindicato de Judiciales Puntanos (SIJUPU).<\/p>\n","protected":false},"excerpt":{"rendered":"<p>Los secretarios generales de al menos cinco sindicatos de agentes dependientes del Estado provincial presentaron un pedido de audiencia al gobernador Alberto Rodr\u00edguez Sa\u00e1 para abordar \u201cdiversas preocupaciones que afectan a trabajadores y trabajadores\u201d.<\/p>\n","protected":false},"author":4,"featured_media":10307,"comment_status":"closed","ping_status":"closed","sticky":false,"template":"","format":"standard","meta":{"footnotes":""},"categories":[4],"tags":[],"class_list":["post-10336","post","type-post","status-publish","format-standard","has-post-thumbnail","hentry","category-la-provincia"],"_links":{"self":[{"href":"https:\/\/lavozpuntana.com\/index.php?rest_route=\/wp\/v2\/posts\/10336","targetHints":{"allow":["GET"]}}],"collection":[{"href":"https:\/\/lavozpuntana.com\/index.php?rest_route=\/wp\/v2\/posts"}],"about":[{"href":"https:\/\/lavozpuntana.com\/index.php?rest_route=\/wp\/v2\/types\/post"}],"author":[{"embeddable":true,"href":"https:\/\/lavozpuntana.com\/index.php?rest_route=\/wp\/v2\/users\/4"}],"replies":[{"embeddable":true,"href":"https:\/\/lavozpuntana.com\/index.php?rest_route=%2Fwp%2Fv2%2Fcomments&post=10336"}],"version-history":[{"count":1,"href":"https:\/\/lavozpuntana.com\/index.php?rest_route=\/wp\/v2\/posts\/10336\/revisions"}],"predecessor-version":[{"id":10337,"href":"https:\/\/lavozpuntana.com\/index.php?rest_route=\/wp\/v2\/posts\/10336\/revisions\/10337"}],"wp:featuredmedia":[{"embeddable":true,"href":"https:\/\/lavozpuntana.com\/index.php?rest_route=\/wp\/v2\/media\/10307"}],"wp:attachment":[{"href":"https:\/\/lavozpuntana.com\/index.php?rest_route=%2Fwp%2Fv2%2Fmedia&parent=10336"}],"wp:term":[{"taxonomy":"category","embeddable":true,"href":"https:\/\/lavozpuntana.com\/index.php?rest_route=%2Fwp%2Fv2%2Fcategories&post=10336"},{"taxonomy":"post_tag","embeddable":true,"href":"https:\/\/lavozpuntana.com\/index.php?rest_route=%2Fwp%2Fv2%2Ftags&post=10336"}],"curies":[{"name":"wp","href":"https:\/\/api.w.org\/{rel}","templated":true}]}}