{"id":10384,"date":"2023-09-13T00:31:04","date_gmt":"2023-09-13T03:31:04","guid":{"rendered":"https:\/\/lavozpuntana.com\/?p=10384"},"modified":"2023-09-13T00:31:06","modified_gmt":"2023-09-13T03:31:06","slug":"anularon-dos-kioscos-de-drogas-y-detuvieron-a-una-mujer-policia-en-villa-mercedes","status":"publish","type":"post","link":"https:\/\/lavozpuntana.com\/?p=10384","title":{"rendered":"ANULARON DOS KIOSCOS DE DROGAS Y DETUVIERON A UNA MUJER POLIC\u00cdA EN VILLA MERCEDES"},"content":{"rendered":"\n<p><strong>La Direcci\u00f3n General de Lucha contra el Narcotr\u00e1fico desbarat\u00f3 dos centros de distribuci\u00f3n de drogas que funcionaban en viviendas ubicadas en Villa Mercedes.<\/strong><\/p>\n\n\n\n<figure class=\"wp-block-image size-large\"><img decoding=\"async\" src=\"http:\/\/lavozpuntana.com\/wp-content\/uploads\/2023\/09\/frua.png\" alt=\"\" class=\"wp-image-10385\"\/><\/figure>\n\n\n\n<p>Los operativos se realizaron este martes, por disposici\u00f3n del Juzgado Federal de esa ciudad, luego de tareas investigativas.<\/p>\n\n\n\n<p>Los \u201ckioscos\u201d allanados funcionaban en los barrios El Criollo y La Ribera.<\/p>\n\n\n\n<p>En los allanamientos, los polic\u00edas secuestraron envoltorios de marihuana y coca\u00edna, semillas de Cannabis Sativa, dinero, balanzas de precisi\u00f3n, dos armas de fuego, tel\u00e9fonos celulares, motocicletas y otros elementos.<\/p>\n\n\n\n<p>Los centros de distribuci\u00f3n de drogas eran regenteados por un hombre y una mujer mayores de edad. La mujer, adem\u00e1s, era polic\u00eda.<\/p>\n\n\n\n<p>Por eso, el jefe de Polic\u00eda, Hern\u00e1n Soloa, dispuso el inicio de actuaciones administrativas, la retenci\u00f3n del arma reglamentaria y el pase a disponibilidad de la acusada.<\/p>\n\n\n\n<p>La agente se desempe\u00f1aba en la Unidad Regional II, con asiento en Villa Mercedes.<\/p>\n","protected":false},"excerpt":{"rendered":"<p>La Direcci\u00f3n General de Lucha contra el Narcotr\u00e1fico desbarat\u00f3 dos centros de distribuci\u00f3n de drogas que funcionaban en viviendas ubicadas en Villa Mercedes.<\/p>\n","protected":false},"author":4,"featured_media":0,"comment_status":"closed","ping_status":"closed","sticky":false,"template":"","format":"standard","meta":{"footnotes":""},"categories":[4],"tags":[],"class_list":["post-10384","post","type-post","status-publish","format-standard","hentry","category-la-provincia"],"_links":{"self":[{"href":"https:\/\/lavozpuntana.com\/index.php?rest_route=\/wp\/v2\/posts\/10384","targetHints":{"allow":["GET"]}}],"collection":[{"href":"https:\/\/lavozpuntana.com\/index.php?rest_route=\/wp\/v2\/posts"}],"about":[{"href":"https:\/\/lavozpuntana.com\/index.php?rest_route=\/wp\/v2\/types\/post"}],"author":[{"embeddable":true,"href":"https:\/\/lavozpuntana.com\/index.php?rest_route=\/wp\/v2\/users\/4"}],"replies":[{"embeddable":true,"href":"https:\/\/lavozpuntana.com\/index.php?rest_route=%2Fwp%2Fv2%2Fcomments&post=10384"}],"version-history":[{"count":1,"href":"https:\/\/lavozpuntana.com\/index.php?rest_route=\/wp\/v2\/posts\/10384\/revisions"}],"predecessor-version":[{"id":10386,"href":"https:\/\/lavozpuntana.com\/index.php?rest_route=\/wp\/v2\/posts\/10384\/revisions\/10386"}],"wp:attachment":[{"href":"https:\/\/lavozpuntana.com\/index.php?rest_route=%2Fwp%2Fv2%2Fmedia&parent=10384"}],"wp:term":[{"taxonomy":"category","embeddable":true,"href":"https:\/\/lavozpuntana.com\/index.php?rest_route=%2Fwp%2Fv2%2Fcategories&post=10384"},{"taxonomy":"post_tag","embeddable":true,"href":"https:\/\/lavozpuntana.com\/index.php?rest_route=%2Fwp%2Fv2%2Ftags&post=10384"}],"curies":[{"name":"wp","href":"https:\/\/api.w.org\/{rel}","templated":true}]}}