{"id":10411,"date":"2023-09-15T13:27:07","date_gmt":"2023-09-15T16:27:07","guid":{"rendered":"https:\/\/lavozpuntana.com\/?p=10411"},"modified":"2023-09-15T13:27:08","modified_gmt":"2023-09-15T16:27:08","slug":"se-vive-tensa-transicion-en-la-universidad-nacional-de-villa-mercedes","status":"publish","type":"post","link":"https:\/\/lavozpuntana.com\/?p=10411","title":{"rendered":"SE VIVE TENSA TRANSICI\u00d3N EN LA UNIVERSIDAD NACIONAL DE VILLA MERCEDES"},"content":{"rendered":"\n<p><strong>Una compleja situaci\u00f3n se ha planteado a poco m\u00e1s de un mes de la asunci\u00f3n del rector electo de la UNViMe, Marcelo Sosa, toda vez que el rector saliente David Rivarola se niega a recibirlo, luego de haber asegurado que iba a facilitar una \u201ctransici\u00f3n ordenada\u201d.<\/strong><\/p>\n\n\n\n<figure class=\"wp-block-image size-large\"><img loading=\"lazy\" decoding=\"async\" width=\"640\" height=\"480\" src=\"http:\/\/lavozpuntana.com\/wp-content\/uploads\/2023\/08\/universidad-nacional-de-villa-mercedes-id11891_1-w640-h480-m1.jpg\" alt=\"\" class=\"wp-image-10052\" srcset=\"https:\/\/lavozpuntana.com\/wp-content\/uploads\/2023\/08\/universidad-nacional-de-villa-mercedes-id11891_1-w640-h480-m1.jpg 640w, https:\/\/lavozpuntana.com\/wp-content\/uploads\/2023\/08\/universidad-nacional-de-villa-mercedes-id11891_1-w640-h480-m1-300x225.jpg 300w\" sizes=\"auto, (max-width: 640px) 100vw, 640px\" \/><\/figure>\n\n\n\n<p>Tras las elecciones del 16 de agosto, que determinaron un triunfo contundente del ex ministro de Educaci\u00f3n Marcelo Sosa, que se impuso con la f\u00f3rmula para rectorado que integr\u00f3 con Santiago Farenga, el di\u00e1logo con el titular de la universidad no ha fluido como se esperaba.<\/p>\n\n\n\n<p>Tanto es as\u00ed que, transcurridos 15 d\u00edas del comicio, Sosa present\u00f3 una nota formal por mesa de entradas, recordando el compromiso hecho p\u00fablico por Rivarola.<\/p>\n\n\n\n<p>\u201cRespondiendo a su gentil invitaci\u00f3n, me permito solicitarle una reuni\u00f3n en el marco de una agenda de trabajo conjunto, por el traspaso institucional previsto para el 30 de octubre del corriente\u201d, indica la misiva que present\u00f3 el rector electo Marcelo Sosa.<\/p>\n\n\n\n<p>En la misma, tambi\u00e9n detall\u00f3 cu\u00e1les eran a su criterio \u201calgunas de las cuestiones\u201d a tratar.<\/p>\n\n\n\n<p>Una de ellas es la \u201cSituaci\u00f3n econ\u00f3mica financiera de la UNViMe\u201d, en especial lo atinente a las obligaciones a pagar (fechas, instrumentos, proveedor, estado de cumplimiento, retrasos si hubiere), recursos y resultados (incluyendo ahorros y fondo anticrisis), presupuesto 2024, contrataciones en curso y la contrataci\u00f3n del nuevo agente financiero. En tal sentido le solicita respetuosamente \u201cla no prosecuci\u00f3n de las tramitaciones que vinculen ejercicios presupuestarios futuros\u201d y \u201cla incorporaci\u00f3n de personal y\/o modificaci\u00f3n de revista con o sin estabilidad y que comprometan el erario\u2026\u201d.<\/p>\n\n\n\n<p>Otro tema es la \u201cInfraestructura\u201d, en especial \u201clo atinente al edificio y predio del Campus de zona norte de la ciudad y las tramitaciones dirigidas a la Coordinaci\u00f3n de la Direcci\u00f3n de Proyectos Sectoriales y Especiales del Ministerio de Obras P\u00fablicas de la naci\u00f3n, que se suscribieron el pasado 13 de agosto\u201d.<\/p>\n\n\n\n<p>Finalmente, Sosa plantea tratar las caracter\u00edsticas del acto mismo de traspaso, previsto para el 30 de octubre.<\/p>\n\n\n\n<p>Pasaron casi 15 d\u00edas y, por lo que trascendi\u00f3, hasta el cierre de esta nota Sosa a\u00fan no recibi\u00f3 contestaci\u00f3n a su formal solicitud.<\/p>\n\n\n\n<p>Nuevo Agente Financiero<\/p>\n\n\n\n<p>En los \u00faltimos d\u00edas el rector electo se desayun\u00f3 con varias novedades que alteraron su \u00e1nimo.<\/p>\n\n\n\n<p>Por un lado, seguir\u00edan impagos algunos alquileres de la sede que la UNViMe tiene en la ciudad de Justo Daract, donde funcionan los dos Profesorados de Educaci\u00f3n de la Escuela de Ciencias Sociales y Educaci\u00f3n.<\/p>\n\n\n\n<p>En otro orden, se enter\u00f3 que algunos docentes iniciaron expedientes para que se les conceda \u201cdedicaci\u00f3n exclusiva\u201d, que es la categor\u00eda m\u00e1s alta de la escala salarial.<\/p>\n\n\n\n<p>Pero lo que m\u00e1s preocup\u00f3 a Sosa es la continuidad del proceso licitatorio iniciado por la universidad, para adjudicar el manejo financiero de la UNViMe a una nueva entidad bancaria. Seg\u00fan dicen, est\u00e1n en juego m\u00e1s de 200 millones de pesos.<\/p>\n\n\n\n<p>Por esa raz\u00f3n, Sosa se present\u00f3 el mi\u00e9rcoles en la entidad, el Banco Galicia, y present\u00f3 una nota por mesa de entradas, en su car\u00e1cter de rector electo.<\/p>\n\n\n\n<p>En la misma informa que ha pedido al rector saliente la \u201cno prosecuci\u00f3n\u201d del procedimiento de adjudicaci\u00f3n y solicita a la entidad bancaria que haga lo propio. El fundamento es que primero debe interiorizarse de los alcances del contrato \u201cque compromete ejercicios presupuestarios futuros\u201d.<\/p>\n\n\n\n<p>Tambi\u00e9n exige al Galicia que no efect\u00fae ning\u00fan desembolso econ\u00f3mico en concepto de canon u otro emolumento, \u201cbajo apercibimiento de revocar, rescindir o anular el contrato\u2026\u201d.<\/p>\n\n\n\n<p>\u201cEsto es muy grave, porque mientras el rector dice a los medios que reconoce el triunfo y que va a facilitar una transici\u00f3n ordenada, se siguen haciendo nombramientos irregulares y efectuando transacciones sin transparencia y a espaldas de la comunidad universitaria. El pr\u00f3ximo paso, si esto contin\u00faa, es una denuncia penal en la \u00f3rbita federal, contra las actuales autoridades, algo que por supuesto no me gustar\u00eda hacer porque ser\u00eda un esc\u00e1ndalo que manchar\u00eda institucionalmente a nuestra universidad\u201d, declar\u00f3 Sosa a De Pol\u00edtica.<\/p>\n\n\n\n<p>\u00bfAsunci\u00f3n en la Plaza?<\/p>\n\n\n\n<p>La falta de di\u00e1logo y la imposibilidad de reunirse para acordar la transici\u00f3n ha puesto en dudas incluso el procedimiento de asunci\u00f3n de las nuevas autoridades, que por cronograma electoral est\u00e1 fijado para el 30 de octubre.<\/p>\n\n\n\n<p>En caso de continuar freezado el di\u00e1logo, Sosa no descarta \u2013incluso- asumir en una plaza p\u00fablica, para dirigirse luego el Edificio Centenario para hacerse cargo de Rectorado, lo cual ser\u00eda realmente ins\u00f3lito.<\/p>\n\n\n\n<p>\u201cLa verdad es que a esta altura es lo que menos me preocupa. Deber\u00eda asumir, como es tradici\u00f3n, en el Aula Magna. Pero si no conseguimos acordar ni siquiera eso, bueno, la plaza Pedernera queda a una cuadra de Rectorado. Le pedir\u00e9 permiso al intendente Maxi Frontera. Lo \u00fanico que espero es que haga buen tiempo\u201d, dijo sonriendo el rector electo.<\/p>\n\n\n\n<p>En nuestra provincia, al parecer, las transiciones cuando se producen los cambios de gobierno, nunca son tranquilas ni ordenadas. Todo lo contrario.<\/p>\n\n\n\n<p>Fuente: De Pol\u00edtica.<\/p>\n","protected":false},"excerpt":{"rendered":"<p>Una compleja situaci\u00f3n se ha planteado a poco m\u00e1s de un mes de la asunci\u00f3n del rector electo de la UNViMe, Marcelo Sosa, toda vez que el rector saliente David Rivarola se niega a recibirlo, luego de haber asegurado que iba a facilitar una \u201ctransici\u00f3n ordenada\u201d.<\/p>\n","protected":false},"author":4,"featured_media":10052,"comment_status":"closed","ping_status":"closed","sticky":false,"template":"","format":"standard","meta":{"footnotes":""},"categories":[4],"tags":[],"class_list":["post-10411","post","type-post","status-publish","format-standard","has-post-thumbnail","hentry","category-la-provincia"],"_links":{"self":[{"href":"https:\/\/lavozpuntana.com\/index.php?rest_route=\/wp\/v2\/posts\/10411","targetHints":{"allow":["GET"]}}],"collection":[{"href":"https:\/\/lavozpuntana.com\/index.php?rest_route=\/wp\/v2\/posts"}],"about":[{"href":"https:\/\/lavozpuntana.com\/index.php?rest_route=\/wp\/v2\/types\/post"}],"author":[{"embeddable":true,"href":"https:\/\/lavozpuntana.com\/index.php?rest_route=\/wp\/v2\/users\/4"}],"replies":[{"embeddable":true,"href":"https:\/\/lavozpuntana.com\/index.php?rest_route=%2Fwp%2Fv2%2Fcomments&post=10411"}],"version-history":[{"count":1,"href":"https:\/\/lavozpuntana.com\/index.php?rest_route=\/wp\/v2\/posts\/10411\/revisions"}],"predecessor-version":[{"id":10412,"href":"https:\/\/lavozpuntana.com\/index.php?rest_route=\/wp\/v2\/posts\/10411\/revisions\/10412"}],"wp:featuredmedia":[{"embeddable":true,"href":"https:\/\/lavozpuntana.com\/index.php?rest_route=\/wp\/v2\/media\/10052"}],"wp:attachment":[{"href":"https:\/\/lavozpuntana.com\/index.php?rest_route=%2Fwp%2Fv2%2Fmedia&parent=10411"}],"wp:term":[{"taxonomy":"category","embeddable":true,"href":"https:\/\/lavozpuntana.com\/index.php?rest_route=%2Fwp%2Fv2%2Fcategories&post=10411"},{"taxonomy":"post_tag","embeddable":true,"href":"https:\/\/lavozpuntana.com\/index.php?rest_route=%2Fwp%2Fv2%2Ftags&post=10411"}],"curies":[{"name":"wp","href":"https:\/\/api.w.org\/{rel}","templated":true}]}}