{"id":10481,"date":"2023-09-21T16:40:41","date_gmt":"2023-09-21T19:40:41","guid":{"rendered":"https:\/\/lavozpuntana.com\/?p=10481"},"modified":"2023-09-21T16:40:43","modified_gmt":"2023-09-21T19:40:43","slug":"la-devaluacion-y-la-inflacion-hicieron-caer-el-consumo-de-los-hogares-en-agosto","status":"publish","type":"post","link":"https:\/\/lavozpuntana.com\/?p=10481","title":{"rendered":"LA DEVALUACI\u00d3N Y LA INFLACI\u00d3N HICIERON CAER EL CONSUMO DE LOS HOGARES EN AGOSTO"},"content":{"rendered":"\n<p><strong>El indicador de la CAC que refleja la evoluci\u00f3n de las compras en los hogares de bienes y servicios finales retrocedi\u00f3 1,8%, con lo que en los \u00faltimos 12 meses acumul\u00f3 una baja del 0,9%.<\/strong><\/p>\n\n\n\n<figure class=\"wp-block-image size-large\"><img decoding=\"async\" src=\"http:\/\/lavozpuntana.com\/wp-content\/uploads\/2023\/09\/super.jpg\" alt=\"\" class=\"wp-image-10482\"\/><\/figure>\n\n\n\n<p>En agosto de 2023, el Indicador de consumo (IC) de la C\u00e1mara Argentina de Comercio y Servicios (CAC) mostr\u00f3 una contracci\u00f3n desestacionalizada de 1,8% frente a julio (es decir, descontando los efectos estacionales habituales del consumo a lo largo del a\u00f1o).<\/p>\n\n\n\n<p>Tras el salto del tipo de cambio el lunes posterior a las Paso y la aceleraci\u00f3n inflacionaria, el consumo se retrajo.<\/p>\n\n\n\n<p>El indicador desarrollado por la CAC que refleja la evoluci\u00f3n del consumo de los hogares en bienes y servicios finales,&nbsp; tambi\u00e9n midi\u00f3 un retroceso de 0,9%, en la variaci\u00f3n interanual.<\/p>\n\n\n\n<p>\u00abLa tendencia bajista en las tasas de crecimiento interanual exhibidas por el IC a partir de enero se desacelera levemente, pero marca en agosto 2023 un nuevo valor negativo.<\/p>\n\n\n\n<p>En tanto en los primeros ocho meses del a\u00f1o refleja un crecimiento de 2,1% i.a., aunque \u00abla p\u00e9rdida de dinamismo vista en los \u00faltimos meses continuar\u00eda acentu\u00e1ndose\u00bb, indica el informe.<\/p>\n\n\n\n<p>\u00abEsto se da en un escenario econ\u00f3mico con un salto discreto del tipo de cambio a mitad de mes y un correspondiente incremento de precios, dando por resultado una inflaci\u00f3n de 12,4% en agosto 2023 con una interanual de 124,4% y una acumulada anual de 80,2%. Asimismo, el poder de compra de los hogares se vio notoriamente reducido (una disminuci\u00f3n de 17% de ingreso disponible), consolidando una tendencia de mediano plazo a la baja\u00bb, explica el informe y es poco optimista para los meses venideros.<\/p>\n\n\n\n<p>En el an\u00e1lisis del documento se hace menci\u00f3n al paquete de medidas que fue anunciando el ministro de Econom\u00eda con el objetivo de poner dinero en el bolsillo y apuntalar el consumo. \u00abSi bien el congelamiento de precios es transversal a gran parte de la sociedad, los bonos, refuerzos econ\u00f3micos y devoluciones de IVA est\u00e1n centrados en aquellas personas de menor poder adquisitivo y, por tanto, tendr\u00e1n un impacto mayor en el consumo\u00bb, detallan. Por lo que proyectan, en base a la efectividad de estas medidas, depender\u00e1 el comportamiento del consumo en lo que resta del a\u00f1o.<\/p>\n\n\n\n<p>El consumo sector por sector<\/p>\n\n\n\n<p>Indumentaria y Calzado: El rubro de indumentaria y calzado mostr\u00f3 en el octavo mes del a\u00f1o una ca\u00edda estimada de 7,8% i.a. (con una contribuci\u00f3n negativa de 0,4 puntos porcentuales \u2014p.p.\u2014 al retroceso del 0,9% i.a. del IC), profundizando el proceso de contracci\u00f3n iniciado en octubre de 2022 (en consonancia con la evoluci\u00f3n del poder de compra de los hogares.<\/p>\n\n\n\n<p>Transporte y Veh\u00edculos: Por otro lado, el cap\u00edtulo de transporte y veh\u00edculos mostr\u00f3 un decrecimeinto estimado del 2,7% i.a. en agosto (con una incidencia de -0,3 p.p. en la variaci\u00f3n interanual del IC), con una contracci\u00f3n interanual en los patentamientos de autos livianos de 6,4%.<\/p>\n\n\n\n<p>Recreaci\u00f3n y cultura: mostr\u00f3 en agosto un decrecimiento de 5,1% i.a. (con una contribuci\u00f3n negativa de 0,3 p.p. al IC) en un contexto de marcada contracci\u00f3n del poder adquisitivo de los hogares acompa\u00f1ado de signos de recortes en gastos que no son de primera necesidad.<\/p>\n\n\n\n<p>Viviendas Alquileres y servicios p\u00fablicos: En cuanto al apartado de vivienda, alquileres y servicios p\u00fablicos, este mostr\u00f3 una contracci\u00f3n estimada de 1,3% i.a. en agosto del presente a\u00f1o. La continuidad de los aumentos tarifarios durante el mes de agosto explica el impacto en el consumo.<\/p>\n\n\n\n<p>Con respecto al resto de los rubros, estos experimentaron un crecimiento estimado de 0,8% i.a. en agosto (y una incidencia de 0,5 p.p.), posicion\u00e1ndose en niveles 2,1% por encima de los niveles prepandemia<\/p>\n\n\n\n<p>Fuente: Noticias Argentinas<\/p>\n","protected":false},"excerpt":{"rendered":"<p>El indicador de la CAC que refleja la evoluci\u00f3n de las compras en los hogares de bienes y servicios finales retrocedi\u00f3 1,8%, con lo que en los \u00faltimos 12 meses acumul\u00f3 una baja del 0,9%.<\/p>\n","protected":false},"author":4,"featured_media":0,"comment_status":"closed","ping_status":"closed","sticky":false,"template":"","format":"standard","meta":{"footnotes":""},"categories":[5],"tags":[],"class_list":["post-10481","post","type-post","status-publish","format-standard","hentry","category-el-pais"],"_links":{"self":[{"href":"https:\/\/lavozpuntana.com\/index.php?rest_route=\/wp\/v2\/posts\/10481","targetHints":{"allow":["GET"]}}],"collection":[{"href":"https:\/\/lavozpuntana.com\/index.php?rest_route=\/wp\/v2\/posts"}],"about":[{"href":"https:\/\/lavozpuntana.com\/index.php?rest_route=\/wp\/v2\/types\/post"}],"author":[{"embeddable":true,"href":"https:\/\/lavozpuntana.com\/index.php?rest_route=\/wp\/v2\/users\/4"}],"replies":[{"embeddable":true,"href":"https:\/\/lavozpuntana.com\/index.php?rest_route=%2Fwp%2Fv2%2Fcomments&post=10481"}],"version-history":[{"count":1,"href":"https:\/\/lavozpuntana.com\/index.php?rest_route=\/wp\/v2\/posts\/10481\/revisions"}],"predecessor-version":[{"id":10483,"href":"https:\/\/lavozpuntana.com\/index.php?rest_route=\/wp\/v2\/posts\/10481\/revisions\/10483"}],"wp:attachment":[{"href":"https:\/\/lavozpuntana.com\/index.php?rest_route=%2Fwp%2Fv2%2Fmedia&parent=10481"}],"wp:term":[{"taxonomy":"category","embeddable":true,"href":"https:\/\/lavozpuntana.com\/index.php?rest_route=%2Fwp%2Fv2%2Fcategories&post=10481"},{"taxonomy":"post_tag","embeddable":true,"href":"https:\/\/lavozpuntana.com\/index.php?rest_route=%2Fwp%2Fv2%2Ftags&post=10481"}],"curies":[{"name":"wp","href":"https:\/\/api.w.org\/{rel}","templated":true}]}}