{"id":10515,"date":"2023-09-26T17:09:41","date_gmt":"2023-09-26T20:09:41","guid":{"rendered":"https:\/\/lavozpuntana.com\/?p=10515"},"modified":"2023-09-26T17:09:42","modified_gmt":"2023-09-26T20:09:42","slug":"otro-diputado-salio-del-bloque-de-alberto-rodriguez-saa","status":"publish","type":"post","link":"https:\/\/lavozpuntana.com\/?p=10515","title":{"rendered":"OTRO DIPUTADO SALI\u00d3 DEL BLOQUE DE ALBERTO RODR\u00cdGUEZ SA\u00c1"},"content":{"rendered":"\n<p><strong>El diputado provincial por el departamento Pueyrred\u00f3n, Humberto Ariel Far\u00edas conform\u00f3 un nuevo bloque legislativo llamado \u201cTrabajo por el Pueblo\u201d.<\/strong><\/p>\n\n\n\n<figure class=\"wp-block-image size-large\"><img loading=\"lazy\" decoding=\"async\" width=\"1024\" height=\"683\" src=\"http:\/\/lavozpuntana.com\/wp-content\/uploads\/2023\/09\/a-farias-1536x1024-1-1024x683.jpg\" alt=\"\" class=\"wp-image-10516\" srcset=\"https:\/\/lavozpuntana.com\/wp-content\/uploads\/2023\/09\/a-farias-1536x1024-1-1024x683.jpg 1024w, https:\/\/lavozpuntana.com\/wp-content\/uploads\/2023\/09\/a-farias-1536x1024-1-300x200.jpg 300w, https:\/\/lavozpuntana.com\/wp-content\/uploads\/2023\/09\/a-farias-1536x1024-1-768x512.jpg 768w, https:\/\/lavozpuntana.com\/wp-content\/uploads\/2023\/09\/a-farias-1536x1024-1.jpg 1536w\" sizes=\"auto, (max-width: 1024px) 100vw, 1024px\" \/><\/figure>\n\n\n\n<p>El legislador, que respond\u00eda a las filas del oficialismo provincial, hab\u00eda asumido en mayo del a\u00f1o pasado en la banca a la que renunci\u00f3 el ministro de Desarrollo Social, Nicol\u00e1s Anzulovich.<\/p>\n\n\n\n<p>\u201cM\u00e1s firme que nunca en la lucha por la justicia social y la defensa de los que menos tienen y m\u00e1s necesitan, entiendo que conformar un bloque que llevar\u00e1 por nombre \u201cTrabajo por el Pueblo\u201d me permitir\u00e1 actuar con la libertad necesaria y en un marco de respeto en la representaci\u00f3n de los ciudadanos que me han confiado su mandato\u201d se\u00f1ala la nota que Far\u00edas present\u00f3 ante las autoridades de la C\u00e1mara de Diputados.<\/p>\n\n\n\n<p>Far\u00edas ha sido dos veces jefe comunal en Zanjitas, por lo cual en su asunci\u00f3n estuvo acompa\u00f1ado de vecinos de Alto Pencoso, Balde, Cazador y la propia Zanjitas.<\/p>\n\n\n\n<p>\u201cEs un d\u00eda hist\u00f3rico -dijo aquella vez-, porque por primera vez asume un legislador proveniente del interior del departamento y mi labor estar\u00e1 orientada principalmente a mantener v\u00ednculos con los intendentes para escuchar sus necesidades\u201d.<\/p>\n\n\n\n<p>Fuente: De Pol\u00edtica<\/p>\n","protected":false},"excerpt":{"rendered":"<p>El diputado provincial por el departamento Pueyrred\u00f3n, Humberto Ariel Far\u00edas conform\u00f3 un nuevo bloque legislativo llamado \u201cTrabajo por el Pueblo\u201d.<\/p>\n","protected":false},"author":4,"featured_media":10516,"comment_status":"closed","ping_status":"closed","sticky":false,"template":"","format":"standard","meta":{"footnotes":""},"categories":[4],"tags":[],"class_list":["post-10515","post","type-post","status-publish","format-standard","has-post-thumbnail","hentry","category-la-provincia"],"_links":{"self":[{"href":"https:\/\/lavozpuntana.com\/index.php?rest_route=\/wp\/v2\/posts\/10515","targetHints":{"allow":["GET"]}}],"collection":[{"href":"https:\/\/lavozpuntana.com\/index.php?rest_route=\/wp\/v2\/posts"}],"about":[{"href":"https:\/\/lavozpuntana.com\/index.php?rest_route=\/wp\/v2\/types\/post"}],"author":[{"embeddable":true,"href":"https:\/\/lavozpuntana.com\/index.php?rest_route=\/wp\/v2\/users\/4"}],"replies":[{"embeddable":true,"href":"https:\/\/lavozpuntana.com\/index.php?rest_route=%2Fwp%2Fv2%2Fcomments&post=10515"}],"version-history":[{"count":1,"href":"https:\/\/lavozpuntana.com\/index.php?rest_route=\/wp\/v2\/posts\/10515\/revisions"}],"predecessor-version":[{"id":10517,"href":"https:\/\/lavozpuntana.com\/index.php?rest_route=\/wp\/v2\/posts\/10515\/revisions\/10517"}],"wp:featuredmedia":[{"embeddable":true,"href":"https:\/\/lavozpuntana.com\/index.php?rest_route=\/wp\/v2\/media\/10516"}],"wp:attachment":[{"href":"https:\/\/lavozpuntana.com\/index.php?rest_route=%2Fwp%2Fv2%2Fmedia&parent=10515"}],"wp:term":[{"taxonomy":"category","embeddable":true,"href":"https:\/\/lavozpuntana.com\/index.php?rest_route=%2Fwp%2Fv2%2Fcategories&post=10515"},{"taxonomy":"post_tag","embeddable":true,"href":"https:\/\/lavozpuntana.com\/index.php?rest_route=%2Fwp%2Fv2%2Ftags&post=10515"}],"curies":[{"name":"wp","href":"https:\/\/api.w.org\/{rel}","templated":true}]}}