{"id":10539,"date":"2023-09-27T09:57:28","date_gmt":"2023-09-27T12:57:28","guid":{"rendered":"https:\/\/lavozpuntana.com\/?p=10539"},"modified":"2023-09-27T09:57:29","modified_gmt":"2023-09-27T12:57:29","slug":"fallecio-el-tercer-ocupante-de-la-avioneta-que-se-estrello-en-el-aeropuerto","status":"publish","type":"post","link":"https:\/\/lavozpuntana.com\/?p=10539","title":{"rendered":"FALLECI\u00d3 EL TERCER OCUPANTE DE LA AVIONETA QUE SE ESTRELL\u00d3 EN EL AEROPUERTO"},"content":{"rendered":"\n<p><strong>Juan Ignacio Bilasio Barbeito, el \u00fanico ocupante de la avioneta que se estrell\u00f3 en el aeropuerto de la ciudad de San Luis el 17 de septiembre que quedaba con vida, falleci\u00f3 en los primeros minutos de este mi\u00e9rcoles.<\/strong><\/p>\n\n\n\n<figure class=\"wp-block-image size-large\"><img loading=\"lazy\" decoding=\"async\" width=\"780\" height=\"526\" src=\"http:\/\/lavozpuntana.com\/wp-content\/uploads\/2023\/09\/bilo.jpg\" alt=\"\" class=\"wp-image-10540\" srcset=\"https:\/\/lavozpuntana.com\/wp-content\/uploads\/2023\/09\/bilo.jpg 780w, https:\/\/lavozpuntana.com\/wp-content\/uploads\/2023\/09\/bilo-300x202.jpg 300w, https:\/\/lavozpuntana.com\/wp-content\/uploads\/2023\/09\/bilo-768x518.jpg 768w\" sizes=\"auto, (max-width: 780px) 100vw, 780px\" \/><\/figure>\n\n\n\n<p>Desde el Hospital Central \u201cDr. Ram\u00f3n Carrillo\u201d confirmaron que la muerte se produjo a las 0.15.<\/p>\n\n\n\n<p>\u201cEl paciente en el transcurso de la noche sufri\u00f3 tres episodios de parada card\u00edaca, frente a lo cual se le practicaron las reanimaciones de avanzada pertinentes\u201d, inform\u00f3 el centro sanitario.<\/p>\n\n\n\n<p>Bilasio Barbeito, de 51 a\u00f1os, estaba internado en la Unidad de Cuidados Cr\u00edticos. Permanec\u00eda con asistencia respiratoria mec\u00e1nica y estaba cursando desde el viernes una infecci\u00f3n respiratoria.<\/p>\n\n\n\n<p>En el accidente a\u00e9reo hab\u00eda sufrido politraumatismos graves, quemaduras en el 44% de la superficie corporal y compromiso grave de la v\u00eda a\u00e9rea. Desde que lleg\u00f3 al hospital, su pron\u00f3stico fue reservado.<\/p>\n\n\n\n<p>Los otros dos ocupantes de la aeronave estrellada cuando despegaba en la ciudad de San Luis, el piloto Esteban Asprella (36) y el empresario Juan Chediack (69), hab\u00edan fallecido entre la noche del domingo y la ma\u00f1ana del lunes siguiente al accidente.<\/p>\n","protected":false},"excerpt":{"rendered":"<p>Juan Ignacio Bilasio Barbeito, el \u00fanico ocupante de la avioneta que se estrell\u00f3 en el aeropuerto de la ciudad de San Luis el 17 de septiembre que quedaba con vida, falleci\u00f3 en los primeros minutos de este mi\u00e9rcoles.<\/p>\n","protected":false},"author":4,"featured_media":10540,"comment_status":"closed","ping_status":"closed","sticky":false,"template":"","format":"standard","meta":{"footnotes":""},"categories":[4],"tags":[],"class_list":["post-10539","post","type-post","status-publish","format-standard","has-post-thumbnail","hentry","category-la-provincia"],"_links":{"self":[{"href":"https:\/\/lavozpuntana.com\/index.php?rest_route=\/wp\/v2\/posts\/10539","targetHints":{"allow":["GET"]}}],"collection":[{"href":"https:\/\/lavozpuntana.com\/index.php?rest_route=\/wp\/v2\/posts"}],"about":[{"href":"https:\/\/lavozpuntana.com\/index.php?rest_route=\/wp\/v2\/types\/post"}],"author":[{"embeddable":true,"href":"https:\/\/lavozpuntana.com\/index.php?rest_route=\/wp\/v2\/users\/4"}],"replies":[{"embeddable":true,"href":"https:\/\/lavozpuntana.com\/index.php?rest_route=%2Fwp%2Fv2%2Fcomments&post=10539"}],"version-history":[{"count":1,"href":"https:\/\/lavozpuntana.com\/index.php?rest_route=\/wp\/v2\/posts\/10539\/revisions"}],"predecessor-version":[{"id":10541,"href":"https:\/\/lavozpuntana.com\/index.php?rest_route=\/wp\/v2\/posts\/10539\/revisions\/10541"}],"wp:featuredmedia":[{"embeddable":true,"href":"https:\/\/lavozpuntana.com\/index.php?rest_route=\/wp\/v2\/media\/10540"}],"wp:attachment":[{"href":"https:\/\/lavozpuntana.com\/index.php?rest_route=%2Fwp%2Fv2%2Fmedia&parent=10539"}],"wp:term":[{"taxonomy":"category","embeddable":true,"href":"https:\/\/lavozpuntana.com\/index.php?rest_route=%2Fwp%2Fv2%2Fcategories&post=10539"},{"taxonomy":"post_tag","embeddable":true,"href":"https:\/\/lavozpuntana.com\/index.php?rest_route=%2Fwp%2Fv2%2Ftags&post=10539"}],"curies":[{"name":"wp","href":"https:\/\/api.w.org\/{rel}","templated":true}]}}