{"id":10542,"date":"2023-09-27T10:01:11","date_gmt":"2023-09-27T13:01:11","guid":{"rendered":"https:\/\/lavozpuntana.com\/?p=10542"},"modified":"2023-09-27T10:01:12","modified_gmt":"2023-09-27T13:01:12","slug":"massa-y-raverta-anunciaron-dos-bonos-de-47-000-para-trabajadores-informales","status":"publish","type":"post","link":"https:\/\/lavozpuntana.com\/?p=10542","title":{"rendered":"MASSA Y RAVERTA ANUNCIARON DOS BONOS DE $47.000 PARA TRABAJADORES INFORMALES"},"content":{"rendered":"\n<p><strong>Abarca a los trabajadores informales de entre 18 y 64 a\u00f1os, que no cuenten con ingresos registrados ni perciben ning\u00fan tipo de asistencia econ\u00f3mica del Estado. La inscripci\u00f3n se realizar\u00e1 desde este mi\u00e9rcoles a trav\u00e9s de la p\u00e1gina de la Anses. Se financiar\u00e1 con un anticipo extraordinario de ganancias a las entidades bancarias.<\/strong><\/p>\n\n\n\n<figure class=\"wp-block-image size-large\"><img loading=\"lazy\" decoding=\"async\" width=\"1024\" height=\"682\" src=\"http:\/\/lavozpuntana.com\/wp-content\/uploads\/2023\/09\/massa-medidas-1024x682.jpeg\" alt=\"\" class=\"wp-image-10543\" srcset=\"https:\/\/lavozpuntana.com\/wp-content\/uploads\/2023\/09\/massa-medidas-1024x682.jpeg 1024w, https:\/\/lavozpuntana.com\/wp-content\/uploads\/2023\/09\/massa-medidas-300x200.jpeg 300w, https:\/\/lavozpuntana.com\/wp-content\/uploads\/2023\/09\/massa-medidas-768x512.jpeg 768w, https:\/\/lavozpuntana.com\/wp-content\/uploads\/2023\/09\/massa-medidas-1536x1023.jpeg 1536w, https:\/\/lavozpuntana.com\/wp-content\/uploads\/2023\/09\/massa-medidas.jpeg 1600w\" sizes=\"auto, (max-width: 1024px) 100vw, 1024px\" \/><\/figure>\n\n\n\n<p>El ministro de Econom\u00eda, Sergio Massa, y la directora ejecutiva de Anses, Fernanda Raverta, anunciaron este mi\u00e9rcoles el pago de dos bonos de $47.000, uno en octubre y otro en noviembre, destinado a trabajadores informales de entre 18 y 64 a\u00f1os que no cuentan con ingresos registrados ni perciben asistencia econ\u00f3mica del Estado, como la Asignaci\u00f3n Universal por Hijo (AUH), las becas Progresar o el Potenciar Trabajo.<\/p>\n\n\n\n<p>Se trata de un sector de la poblaci\u00f3n que no hab\u00eda sido alcanzado por las medidas econ\u00f3micas dispuestas en las \u00faltimas semanas para atenuar el impacto de la devaluaci\u00f3n impuesta por el FMI.<\/p>\n\n\n\n<p>La inscripci\u00f3n estar\u00e1 disponible a partir de este mi\u00e9rcoles a las 14 y permanecer\u00e1 abierta durante todo octubre. La misma se podr\u00e1 realizar exclusivamente a trav\u00e9s de la web del organismo o de la aplicaci\u00f3n Mi ANSES, todos los d\u00edas de 14 a 22.<\/p>\n\n\n\n<p>Para evitar que la medida impacte sobre las cuentas p\u00fablicas, ser\u00e1 compensada a trav\u00e9s del cobro de un anticipo extraordinario de ganancias a grandes contribuyentes.<\/p>\n\n\n\n<p>\u00abHemos tomado la decisi\u00f3n de cobrarle un anticipo extraordinario de ganancias a aquellos sectores que fueron los grandes ganadores de la devaluaci\u00f3n impuesta por el FMI, centralmente bancos, compa\u00f1\u00edas financieras y compa\u00f1\u00edas de seguro que ser\u00e1n notificadas en el d\u00eda de ma\u00f1ana por la AFIP a los efectos de realizar el pago del anticipo de ganancias\u00bb, asegur\u00f3 Massa, en un mensaje grabado en el Palacio de Hacienda, que comparti\u00f3 con Raverta.<\/p>\n\n\n\n<p>\u00abPretendemos de esta manera mantener el equilibrio en las cuentas p\u00fablicas, pero llegar a los sectores m\u00e1s vulnerables de nuestra sociedad, a los efectos de cuidar el ingreso de todas y todos los argentinos. Tenemos un objetivo; recuperar el ingreso para mejorar la calidad de vida de la gente y estas medidas van en el mismo sentido\u201d, expres\u00f3 Massa.<\/p>\n\n\n\n<p>Por su parte, Raverta destac\u00f3 que el refuerzo permitir\u00e1 \u00abllegar a aquellos hombres y mujeres que tienen m\u00e1s de 18 a\u00f1os, menos de 64, que no est\u00e1n alcanzados por ninguna prestaci\u00f3n o asistencia del Estado y que no tienen trabajo formal\u00bb.<\/p>\n\n\n\n<p>\u201cA partir de ma\u00f1ana (por el mi\u00e9rcoles), desde las 2 de la tarde, va a estar abierta la inscripci\u00f3n por internet en la p\u00e1gina de ANSES con Clave de la Seguridad Social, con una cuenta bancaria a tu nombre, que si no la ten\u00e9s, el banco la va a tramitar\u201d, asegur\u00f3 la titular de la Administraci\u00f3n Nacional de la Seguridad Social.<\/p>\n\n\n\n<p>Seg\u00fan se inform\u00f3 oficialmente, para acceder al refuerzo las personas no deber\u00e1n tener trabajo registrado (relaci\u00f3n de dependencia, aut\u00f3nomos, monotributo, monotributo social y casas particulares); jubilaci\u00f3n o pensi\u00f3n; AUH, AUE, Asignaciones familiares o Progresar; planes sociales (por ejemplo, Potenciar Trabajo); ni prestaci\u00f3n por desempleo.<\/p>\n\n\n\n<p>Adem\u00e1s, Anses realizar\u00e1 una evaluaci\u00f3n socioecon\u00f3mica y patrimonial (consumo, bienes, cobertura de salud, etc.) de los solicitantes, para evitar que accedan a \u00e9ste personas que no cumplen con los requisitos.<\/p>\n\n\n\n<p>Fuente: Telam.<\/p>\n","protected":false},"excerpt":{"rendered":"<p>Abarca a los trabajadores informales de entre 18 y 64 a\u00f1os, que no cuenten con ingresos registrados ni perciben ning\u00fan tipo de asistencia econ\u00f3mica del Estado. La inscripci\u00f3n se realizar\u00e1 desde este mi\u00e9rcoles a trav\u00e9s de la p\u00e1gina de la Anses. Se financiar\u00e1 con un anticipo extraordinario de ganancias a las entidades bancarias.<\/p>\n","protected":false},"author":7,"featured_media":10543,"comment_status":"closed","ping_status":"closed","sticky":false,"template":"","format":"standard","meta":{"footnotes":""},"categories":[5],"tags":[],"class_list":["post-10542","post","type-post","status-publish","format-standard","has-post-thumbnail","hentry","category-el-pais"],"_links":{"self":[{"href":"https:\/\/lavozpuntana.com\/index.php?rest_route=\/wp\/v2\/posts\/10542","targetHints":{"allow":["GET"]}}],"collection":[{"href":"https:\/\/lavozpuntana.com\/index.php?rest_route=\/wp\/v2\/posts"}],"about":[{"href":"https:\/\/lavozpuntana.com\/index.php?rest_route=\/wp\/v2\/types\/post"}],"author":[{"embeddable":true,"href":"https:\/\/lavozpuntana.com\/index.php?rest_route=\/wp\/v2\/users\/7"}],"replies":[{"embeddable":true,"href":"https:\/\/lavozpuntana.com\/index.php?rest_route=%2Fwp%2Fv2%2Fcomments&post=10542"}],"version-history":[{"count":1,"href":"https:\/\/lavozpuntana.com\/index.php?rest_route=\/wp\/v2\/posts\/10542\/revisions"}],"predecessor-version":[{"id":10544,"href":"https:\/\/lavozpuntana.com\/index.php?rest_route=\/wp\/v2\/posts\/10542\/revisions\/10544"}],"wp:featuredmedia":[{"embeddable":true,"href":"https:\/\/lavozpuntana.com\/index.php?rest_route=\/wp\/v2\/media\/10543"}],"wp:attachment":[{"href":"https:\/\/lavozpuntana.com\/index.php?rest_route=%2Fwp%2Fv2%2Fmedia&parent=10542"}],"wp:term":[{"taxonomy":"category","embeddable":true,"href":"https:\/\/lavozpuntana.com\/index.php?rest_route=%2Fwp%2Fv2%2Fcategories&post=10542"},{"taxonomy":"post_tag","embeddable":true,"href":"https:\/\/lavozpuntana.com\/index.php?rest_route=%2Fwp%2Fv2%2Ftags&post=10542"}],"curies":[{"name":"wp","href":"https:\/\/api.w.org\/{rel}","templated":true}]}}