{"id":10548,"date":"2023-09-28T15:52:23","date_gmt":"2023-09-28T18:52:23","guid":{"rendered":"https:\/\/lavozpuntana.com\/?p=10548"},"modified":"2023-09-28T15:52:24","modified_gmt":"2023-09-28T18:52:24","slug":"la-pobreza-en-san-luis-subio-al-473-y-es-la-tercera-provincia-con-peores-indices","status":"publish","type":"post","link":"https:\/\/lavozpuntana.com\/?p=10548","title":{"rendered":"LA POBREZA EN SAN LUIS SUBI\u00d3 AL 47,3% Y ES LA TERCERA PROVINCIA CON PEORES \u00cdNDICES"},"content":{"rendered":"\n<p><strong>El 6,8% de la poblaci\u00f3n est\u00e1 en situaci\u00f3n de indigencia. Seg\u00fan los datos del Indec, s\u00f3lo en el Gran San Luis 116.298 personas son pobres.<\/strong><\/p>\n\n\n\n<figure class=\"wp-block-image size-large\"><img loading=\"lazy\" decoding=\"async\" width=\"1024\" height=\"682\" src=\"http:\/\/lavozpuntana.com\/wp-content\/uploads\/2023\/09\/alberto-massa-1-1024x682.jpeg\" alt=\"\" class=\"wp-image-10549\" srcset=\"https:\/\/lavozpuntana.com\/wp-content\/uploads\/2023\/09\/alberto-massa-1-1024x682.jpeg 1024w, https:\/\/lavozpuntana.com\/wp-content\/uploads\/2023\/09\/alberto-massa-1-300x200.jpeg 300w, https:\/\/lavozpuntana.com\/wp-content\/uploads\/2023\/09\/alberto-massa-1-768x512.jpeg 768w, https:\/\/lavozpuntana.com\/wp-content\/uploads\/2023\/09\/alberto-massa-1.jpeg 1536w\" sizes=\"auto, (max-width: 1024px) 100vw, 1024px\" \/><\/figure>\n\n\n\n<p>Este mi\u00e9rcoles, el Instituto Nacional de Estad\u00edstica y Censos (Indec) difundi\u00f3 el informe sobre la pobreza e indigencia en todo el pa\u00eds. Los datos corresponden al primer semestre de 2023 y San Luis volvi\u00f3 a arrojar una cifra alarmante: el 47,3% de la poblaci\u00f3n es pobre.<\/p>\n\n\n\n<p>La proporci\u00f3n de personas en esta condici\u00f3n subi\u00f3 m\u00e1s de dos puntos. En el segundo semestre de 2022 se hab\u00eda ubicado en el 45,2%.<\/p>\n\n\n\n<p>La cifra de indigentes tambi\u00e9n se elev\u00f3 en lo que va del a\u00f1o. Pas\u00f3 de 5,3% a 6,8%. Esto abarca a aquellos sanluise\u00f1os que no pueden satisfacer las necesidades b\u00e1sicas.<\/p>\n\n\n\n<p>Es necesario tener en cuenta que la medici\u00f3n del Indec s\u00f3lo abarca al Gran San Luis, es decir, la capital, Juana Koslay, La Punta y El Chorrillo. Desde all\u00ed el n\u00famero se proyecta a nivel provincial.<\/p>\n\n\n\n<p>Seg\u00fan el informe, s\u00f3lo en estas cuatro localidades hay 116.298 personas pobres y 16.694 indigentes.<\/p>\n\n\n\n<p>Otro de los puntos preocupantes es que San Luis incluso se ubic\u00f3 por encima de la media nacional. En el pa\u00eds, la pobreza alcanza al 40,1%.<\/p>\n\n\n\n<p>No ocurre lo mismo con la indigencia, que la proporci\u00f3n nacional supera a la provincial. El promedio en Argentina es del 9,3%.<\/p>\n\n\n\n<p>El grave contexto que vive San Luis la ubic\u00f3 como el tercer aglomerado con el \u00edndice m\u00e1s alto. S\u00f3lo es superada por Gran Resistencia (60,3%) y Concordia (58,3%).<\/p>\n\n\n\n<p>Si comparamos los datos de San Luis con el mismo periodo de 2022 se desprende que la pobreza creci\u00f3 un 9,2% porque en ese periodo era de 38,8%.<\/p>\n\n\n\n<p>La indigencia en un a\u00f1o fue del 4,8% al 6,8%.<\/p>\n\n\n\n<p>Si trasladamos los n\u00fameros a los hogares, 30.408 est\u00e1n en situaci\u00f3n de pobreza y 4460 de indigencia.<\/p>\n\n\n\n<p>Fuente: El Chorrillero<\/p>\n","protected":false},"excerpt":{"rendered":"<p>El 6,8% de la poblaci\u00f3n est\u00e1 en situaci\u00f3n de indigencia. Seg\u00fan los datos del Indec, s\u00f3lo en el Gran San Luis 116.298 personas son pobres.<\/p>\n","protected":false},"author":4,"featured_media":10549,"comment_status":"closed","ping_status":"closed","sticky":false,"template":"","format":"standard","meta":{"footnotes":""},"categories":[4],"tags":[],"class_list":["post-10548","post","type-post","status-publish","format-standard","has-post-thumbnail","hentry","category-la-provincia"],"_links":{"self":[{"href":"https:\/\/lavozpuntana.com\/index.php?rest_route=\/wp\/v2\/posts\/10548","targetHints":{"allow":["GET"]}}],"collection":[{"href":"https:\/\/lavozpuntana.com\/index.php?rest_route=\/wp\/v2\/posts"}],"about":[{"href":"https:\/\/lavozpuntana.com\/index.php?rest_route=\/wp\/v2\/types\/post"}],"author":[{"embeddable":true,"href":"https:\/\/lavozpuntana.com\/index.php?rest_route=\/wp\/v2\/users\/4"}],"replies":[{"embeddable":true,"href":"https:\/\/lavozpuntana.com\/index.php?rest_route=%2Fwp%2Fv2%2Fcomments&post=10548"}],"version-history":[{"count":1,"href":"https:\/\/lavozpuntana.com\/index.php?rest_route=\/wp\/v2\/posts\/10548\/revisions"}],"predecessor-version":[{"id":10550,"href":"https:\/\/lavozpuntana.com\/index.php?rest_route=\/wp\/v2\/posts\/10548\/revisions\/10550"}],"wp:featuredmedia":[{"embeddable":true,"href":"https:\/\/lavozpuntana.com\/index.php?rest_route=\/wp\/v2\/media\/10549"}],"wp:attachment":[{"href":"https:\/\/lavozpuntana.com\/index.php?rest_route=%2Fwp%2Fv2%2Fmedia&parent=10548"}],"wp:term":[{"taxonomy":"category","embeddable":true,"href":"https:\/\/lavozpuntana.com\/index.php?rest_route=%2Fwp%2Fv2%2Fcategories&post=10548"},{"taxonomy":"post_tag","embeddable":true,"href":"https:\/\/lavozpuntana.com\/index.php?rest_route=%2Fwp%2Fv2%2Ftags&post=10548"}],"curies":[{"name":"wp","href":"https:\/\/api.w.org\/{rel}","templated":true}]}}