{"id":10583,"date":"2023-10-02T11:08:15","date_gmt":"2023-10-02T14:08:15","guid":{"rendered":"https:\/\/lavozpuntana.com\/?p=10583"},"modified":"2023-10-02T11:08:17","modified_gmt":"2023-10-02T14:08:17","slug":"el-sindicato-de-no-docentes-de-la-unvime-entro-en-estado-de-alerta","status":"publish","type":"post","link":"https:\/\/lavozpuntana.com\/?p=10583","title":{"rendered":"EL SINDICATO DE NO DOCENTES DE LA UNVIME ENTR\u00d3 EN ESTADO DE ALERTA"},"content":{"rendered":"\n<p><strong>Aseguran que hay irregularidades ante posible pase a planta permanente de actuales funcionarios. Desde el 1\u00b0 de junio no reciben respuestas de la gesti\u00f3n para efectuar los concursos del personal contratado.<\/strong><\/p>\n\n\n\n<p>Un grupo de no docentes de la Universidad Nacional de Villa Mercedes (UNViMe) no recibe respuestas desde el Rectorado y teme por su estabilidad laboral. Por medio de sus representantes, el 1\u00b0 de junio hicieron una presentaci\u00f3n para tratar sus paritarias y aseguran que la actual gesti\u00f3n omiti\u00f3 la reuni\u00f3n y a trav\u00e9s de una resoluci\u00f3n habr\u00eda efectuado el pase a planta permanente de algunas personas.<\/p>\n\n\n\n<p>\u201cLes venimos planteando esto a las autoridades salientes, porque los compa\u00f1eros contratados deber\u00edan rendir sus concursos. Hay una situaci\u00f3n anormal y es que no puede haber personas contratadas, as\u00ed como en ning\u00fan organismo estatal, porque va en contra de los convenios laborales\u201d, coment\u00f3 Walter Rold\u00e1n, secretario general del Sindicato de Trabajadores No Docentes UNViMe (SiTUNViMe).<\/p>\n\n\n\n<figure class=\"wp-block-image size-large\"><img loading=\"lazy\" decoding=\"async\" width=\"670\" height=\"1024\" src=\"https:\/\/lavozpuntana.com\/wp-content\/uploads\/2023\/10\/WhatsApp-Image-2023-10-02-at-10.18.27-670x1024.jpeg\" alt=\"\" class=\"wp-image-10585\" srcset=\"https:\/\/lavozpuntana.com\/wp-content\/uploads\/2023\/10\/WhatsApp-Image-2023-10-02-at-10.18.27-670x1024.jpeg 670w, https:\/\/lavozpuntana.com\/wp-content\/uploads\/2023\/10\/WhatsApp-Image-2023-10-02-at-10.18.27-196x300.jpeg 196w, https:\/\/lavozpuntana.com\/wp-content\/uploads\/2023\/10\/WhatsApp-Image-2023-10-02-at-10.18.27.jpeg 680w\" sizes=\"auto, (max-width: 670px) 100vw, 670px\" \/><\/figure>\n\n\n\n<p>Adem\u00e1s, asegur\u00f3 que confirmaron que el expediente est\u00e1 en proceso y a lo largo del d\u00eda o en la semana saldr\u00e1 la correspondiente resoluci\u00f3n, por lo que desde el viernes mantienen el estado de alerta y movilizaci\u00f3n.<\/p>\n\n\n\n<p>\u201cEst\u00e1 claro que es una planta cautiva donde este sector del claustro realiza sus tareas bajo la presi\u00f3n de llegar a perder sus puestos. Es justamente lo que nosotros no tenemos que permitir. Ya hace dos a\u00f1os que conformamos nuestra organizaci\u00f3n y tenemos un reglamento de concurso y paritarias locales y nacionales que nos representan y nos avalan para tratarlas. Hemos hecho reclamos permanentemente y ahora nos encontramos con esta sorpresa\u201d, detall\u00f3.<\/p>\n\n\n\n<p>Explic\u00f3 que son treinta los afectados, pero que del total, el documento incluir\u00eda solo a unos pocos.<\/p>\n\n\n\n<p>\u201cSon quienes respond\u00edan pol\u00edticamente a la gesti\u00f3n y otro agravante es que hay funcionarios actuales que van a pasar a planta. Hay compa\u00f1eros que hace seis a\u00f1os est\u00e1n en la misma condici\u00f3n e \u00edbamos a realizar algo con etapas y por orden de prioridad\u201d, asegur\u00f3.<\/p>\n\n\n\n<p>Rold\u00e1n remarc\u00f3 que una resoluci\u00f3n rectoral no tiene el peso necesario para que pueda concretarse, por lo que cuestionar\u00e1n los nombramientos.<\/p>\n\n\n\n<p>\u201cDe acuerdo a los convenios colectivos de trabajo, seguiremos luchando por una normalizaci\u00f3n de la planta, pero de manera correcta, porque esto es ilegal y va en contra del estatuto mismo. Despu\u00e9s tiene que pasar por el Consejo Superior para tener validaci\u00f3n. Estamos hablando de una actitud completamente autoritaria\u201d, sostuvo.<\/p>\n\n\n\n<p>Rold\u00e1n remarc\u00f3 que una resoluci\u00f3n rectoral no tiene el peso para efectuar el pase a planta. En los pr\u00f3ximos d\u00edas, las autoridades del sindicato continuar\u00e1n esperando una respuesta y ser convocados para regularizar el estado de cada empleado.<\/p>\n\n\n\n<p>\u201cDesde nuestro espacio, a trav\u00e9s del \u00e1rea de capacitaci\u00f3n les \u00edbamos a dar todos los elementos para que se formen y lleguen al examen con todas las condiciones y preparados. Esto atenta contra el pr\u00f3ximo gobierno y contra la carrera administrativa a la que los no docentes aspiran, porque de esta manera no pueden crecer\u201d, a\u00f1adi\u00f3 el secretario general.<\/p>\n\n\n\n<p>La maniobra que denunci\u00f3 de SiTUNViMe consigui\u00f3 el apoyo del Sindicato de Docentes Universitarios de la Provincia de San Luis (SinDUPSL) y de la Organizaci\u00f3n de los Trabajadores Radicales, quienes se expresaron tambi\u00e9n en sendos comunicados.<\/p>\n\n\n\n<figure class=\"wp-block-image size-large\"><img loading=\"lazy\" decoding=\"async\" width=\"1024\" height=\"576\" src=\"http:\/\/lavozpuntana.com\/wp-content\/uploads\/2023\/10\/WhatsApp-Image-2023-10-02-at-10.18.27-1-1-1024x576.jpeg\" alt=\"\" class=\"wp-image-10586\" srcset=\"https:\/\/lavozpuntana.com\/wp-content\/uploads\/2023\/10\/WhatsApp-Image-2023-10-02-at-10.18.27-1-1-1024x576.jpeg 1024w, https:\/\/lavozpuntana.com\/wp-content\/uploads\/2023\/10\/WhatsApp-Image-2023-10-02-at-10.18.27-1-1-300x169.jpeg 300w, https:\/\/lavozpuntana.com\/wp-content\/uploads\/2023\/10\/WhatsApp-Image-2023-10-02-at-10.18.27-1-1-768x432.jpeg 768w, https:\/\/lavozpuntana.com\/wp-content\/uploads\/2023\/10\/WhatsApp-Image-2023-10-02-at-10.18.27-1-1-1536x864.jpeg 1536w, https:\/\/lavozpuntana.com\/wp-content\/uploads\/2023\/10\/WhatsApp-Image-2023-10-02-at-10.18.27-1-1-800x450.jpeg 800w, https:\/\/lavozpuntana.com\/wp-content\/uploads\/2023\/10\/WhatsApp-Image-2023-10-02-at-10.18.27-1-1.jpeg 1600w\" sizes=\"auto, (max-width: 1024px) 100vw, 1024px\" \/><\/figure>\n\n\n\n<p>El pasado 16 de agosto, los claustros de la UNViMe votaron para renovar sus autoridades. Por un lado, David Rivarola y Graciela Balanza fueron por la reelecci\u00f3n, y por el otro, Marcelo Sosa y Santiago Farenga se presentaron como oposici\u00f3n, resultando ganadores y qued\u00e1ndose tambi\u00e9n con las cuatro escuelas.<\/p>\n\n\n\n<p>El 30 de este mes ser\u00e1 el acto del traspaso de autoridades y hasta el momento, el rector electo no obtuvo respuestas para organizar el evento.<\/p>\n\n\n\n<p>Si bien coordinaron una reuni\u00f3n para organizar, le negaron el acceso a uno de sus acompa\u00f1antes, Santiago Tell, actual trabajador no docente y quien ser\u00e1 el secretario general del nuevo equipo que asumir\u00e1.<\/p>\n","protected":false},"excerpt":{"rendered":"<p>Aseguran que hay irregularidades ante posible pase a planta permanente de actuales funcionarios. Desde el 1\u00b0 de junio no reciben respuestas de la gesti\u00f3n para efectuar los concursos del personal contratado.<\/p>\n","protected":false},"author":4,"featured_media":10584,"comment_status":"closed","ping_status":"closed","sticky":false,"template":"","format":"standard","meta":{"footnotes":""},"categories":[4],"tags":[],"class_list":["post-10583","post","type-post","status-publish","format-standard","has-post-thumbnail","hentry","category-la-provincia"],"_links":{"self":[{"href":"https:\/\/lavozpuntana.com\/index.php?rest_route=\/wp\/v2\/posts\/10583","targetHints":{"allow":["GET"]}}],"collection":[{"href":"https:\/\/lavozpuntana.com\/index.php?rest_route=\/wp\/v2\/posts"}],"about":[{"href":"https:\/\/lavozpuntana.com\/index.php?rest_route=\/wp\/v2\/types\/post"}],"author":[{"embeddable":true,"href":"https:\/\/lavozpuntana.com\/index.php?rest_route=\/wp\/v2\/users\/4"}],"replies":[{"embeddable":true,"href":"https:\/\/lavozpuntana.com\/index.php?rest_route=%2Fwp%2Fv2%2Fcomments&post=10583"}],"version-history":[{"count":1,"href":"https:\/\/lavozpuntana.com\/index.php?rest_route=\/wp\/v2\/posts\/10583\/revisions"}],"predecessor-version":[{"id":10587,"href":"https:\/\/lavozpuntana.com\/index.php?rest_route=\/wp\/v2\/posts\/10583\/revisions\/10587"}],"wp:featuredmedia":[{"embeddable":true,"href":"https:\/\/lavozpuntana.com\/index.php?rest_route=\/wp\/v2\/media\/10584"}],"wp:attachment":[{"href":"https:\/\/lavozpuntana.com\/index.php?rest_route=%2Fwp%2Fv2%2Fmedia&parent=10583"}],"wp:term":[{"taxonomy":"category","embeddable":true,"href":"https:\/\/lavozpuntana.com\/index.php?rest_route=%2Fwp%2Fv2%2Fcategories&post=10583"},{"taxonomy":"post_tag","embeddable":true,"href":"https:\/\/lavozpuntana.com\/index.php?rest_route=%2Fwp%2Fv2%2Ftags&post=10583"}],"curies":[{"name":"wp","href":"https:\/\/api.w.org\/{rel}","templated":true}]}}