{"id":10606,"date":"2023-10-03T01:16:46","date_gmt":"2023-10-03T04:16:46","guid":{"rendered":"https:\/\/lavozpuntana.com\/?p=10606"},"modified":"2023-10-03T01:16:47","modified_gmt":"2023-10-03T04:16:47","slug":"la-justicia-ordeno-que-se-suspendan-las-licitaciones-y-contrataciones-que-exceden-al-mandato-de-alberto-rodriguez-saa","status":"publish","type":"post","link":"https:\/\/lavozpuntana.com\/?p=10606","title":{"rendered":"LA JUSTICIA ORDEN\u00d3 QUE SE SUSPENDAN LAS LICITACIONES Y CONTRATACIONES QUE EXCEDEN AL MANDATO DE ALBERTO RODR\u00cdGUEZ SA\u00c1"},"content":{"rendered":"\n<p><strong>La jueza Laboral N\u00b02, Mar\u00eda Eugenia Bona hizo lugar a la medida cautelar presentada por Claudio Poggi. La disposici\u00f3n alcanza al Poder Ejecutivo, la administraci\u00f3n central y descentralizada, organismos aut\u00e1rquicos, entes desconcentrados del Estado, agencias, y sociedades.<\/strong><\/p>\n\n\n\n<figure class=\"wp-block-image size-large\"><img loading=\"lazy\" decoding=\"async\" width=\"1024\" height=\"569\" src=\"http:\/\/lavozpuntana.com\/wp-content\/uploads\/2023\/10\/WhatsApp-Image-2022-08-25-at-11.14.44-AM-1024x569.jpeg\" alt=\"\" class=\"wp-image-10607\" srcset=\"https:\/\/lavozpuntana.com\/wp-content\/uploads\/2023\/10\/WhatsApp-Image-2022-08-25-at-11.14.44-AM-1024x569.jpeg 1024w, https:\/\/lavozpuntana.com\/wp-content\/uploads\/2023\/10\/WhatsApp-Image-2022-08-25-at-11.14.44-AM-300x167.jpeg 300w, https:\/\/lavozpuntana.com\/wp-content\/uploads\/2023\/10\/WhatsApp-Image-2022-08-25-at-11.14.44-AM-768x427.jpeg 768w, https:\/\/lavozpuntana.com\/wp-content\/uploads\/2023\/10\/WhatsApp-Image-2022-08-25-at-11.14.44-AM.jpeg 1280w\" sizes=\"auto, (max-width: 1024px) 100vw, 1024px\" \/><\/figure>\n\n\n\n<p>Se dio a conocer que, en el inicio de la semana, la Justicia orden\u00f3 frenar y suspender los llamados a licitaci\u00f3n y las que est\u00e1n en tr\u00e1mite, adjudicaciones y contrataciones de obra p\u00fablica, que exceden el mandato de Alberto Rodr\u00edguez Sa\u00e1.<\/p>\n\n\n\n<p>La semana pasada, el gobernador electo Claudio Poggi con el patrocinio de Ricardo Endeiza, present\u00f3 una acci\u00f3n de amparo en la Justicia provincial donde solicitaron una medida cautelar por la inconstitucionalidad de los actos que estaba llevando adelante el Ejecutivo.<\/p>\n\n\n\n<p>El motivo de la presentaci\u00f3n judicial, fueron los llamados a licitaci\u00f3n, adjudicaciones o contrataciones que Rodr\u00edguez Sa\u00e1 realiz\u00f3 despu\u00e9s de las elecciones del 11 de junio, que exceden su mandato, el presupuesto 2023 y que comprometen los recursos del pr\u00f3ximo gobierno.<\/p>\n\n\n\n<p>Este lunes, la jueza Laboral N\u00b02, Mar\u00eda Eugenia Bona hizo lugar a la medida cautelar y orden\u00f3 la suspensi\u00f3n de todos los actos que van m\u00e1s all\u00e1 del 10 de diciembre.<\/p>\n\n\n\n<p>La decisi\u00f3n alcanza al \u201cPoder Ejecutivo, la administraci\u00f3n central y descentralizada, organismos aut\u00e1rquicos, entes Poder Judicial San Luis desconcentrados del Estado, agencias, y sociedades de Estado sea parte, y cuya ejecuci\u00f3n pudiera exceder el actual mandato gubernamental 09\/12\/2023\u201d.<\/p>\n\n\n\n<p>Hoy tambi\u00e9n fueron notificados el gobernador, el ministro de Hacienda, Eloy Horcajo; el de Obras P\u00fablicas, Alberto Rodr\u00edguez Sa\u00e1 (h); el fiscal de Estado, Roald Cattaneo; y la contadora General, Mar\u00eda Ver\u00f3nica Di Gennaro.<\/p>\n\n\n\n<p>Fuente: El Chorrillero.<\/p>\n","protected":false},"excerpt":{"rendered":"<p>La jueza Laboral N\u00b02, Mar\u00eda Eugenia Bona hizo lugar a la medida cautelar presentada por Claudio Poggi. La disposici\u00f3n alcanza al Poder Ejecutivo, la administraci\u00f3n central y descentralizada, organismos aut\u00e1rquicos, entes desconcentrados del Estado, agencias, y sociedades.<\/p>\n","protected":false},"author":4,"featured_media":10607,"comment_status":"closed","ping_status":"closed","sticky":false,"template":"","format":"standard","meta":{"footnotes":""},"categories":[4],"tags":[],"class_list":["post-10606","post","type-post","status-publish","format-standard","has-post-thumbnail","hentry","category-la-provincia"],"_links":{"self":[{"href":"https:\/\/lavozpuntana.com\/index.php?rest_route=\/wp\/v2\/posts\/10606","targetHints":{"allow":["GET"]}}],"collection":[{"href":"https:\/\/lavozpuntana.com\/index.php?rest_route=\/wp\/v2\/posts"}],"about":[{"href":"https:\/\/lavozpuntana.com\/index.php?rest_route=\/wp\/v2\/types\/post"}],"author":[{"embeddable":true,"href":"https:\/\/lavozpuntana.com\/index.php?rest_route=\/wp\/v2\/users\/4"}],"replies":[{"embeddable":true,"href":"https:\/\/lavozpuntana.com\/index.php?rest_route=%2Fwp%2Fv2%2Fcomments&post=10606"}],"version-history":[{"count":1,"href":"https:\/\/lavozpuntana.com\/index.php?rest_route=\/wp\/v2\/posts\/10606\/revisions"}],"predecessor-version":[{"id":10608,"href":"https:\/\/lavozpuntana.com\/index.php?rest_route=\/wp\/v2\/posts\/10606\/revisions\/10608"}],"wp:featuredmedia":[{"embeddable":true,"href":"https:\/\/lavozpuntana.com\/index.php?rest_route=\/wp\/v2\/media\/10607"}],"wp:attachment":[{"href":"https:\/\/lavozpuntana.com\/index.php?rest_route=%2Fwp%2Fv2%2Fmedia&parent=10606"}],"wp:term":[{"taxonomy":"category","embeddable":true,"href":"https:\/\/lavozpuntana.com\/index.php?rest_route=%2Fwp%2Fv2%2Fcategories&post=10606"},{"taxonomy":"post_tag","embeddable":true,"href":"https:\/\/lavozpuntana.com\/index.php?rest_route=%2Fwp%2Fv2%2Ftags&post=10606"}],"curies":[{"name":"wp","href":"https:\/\/api.w.org\/{rel}","templated":true}]}}