{"id":10609,"date":"2023-10-03T01:22:54","date_gmt":"2023-10-03T04:22:54","guid":{"rendered":"https:\/\/lavozpuntana.com\/?p=10609"},"modified":"2023-10-03T01:22:56","modified_gmt":"2023-10-03T04:22:56","slug":"familias-de-ninos-con-autismo-solicitan-a-la-sociedad-respetar-la-finalidad-de-la-plaza-azul","status":"publish","type":"post","link":"https:\/\/lavozpuntana.com\/?p=10609","title":{"rendered":"FAMILIAS DE NI\u00d1OS CON AUTISMO SOLICITAN A LA SOCIEDAD RESPETAR LA FINALIDAD DE LA PLAZA AZUL"},"content":{"rendered":"\n<p><strong>Apoco m\u00e1s de un mes de su inauguraci\u00f3n, la plaza Azul en la ciudad de San Luis, un espacio creado para ni\u00f1os con trastornos del espectro autista (TEA) y sus familias, no solo ha sido el objeto de actos de vandalismo, sino que habitualmente se ve ocupada por gente para la cual no fue creada, realizando inclusive actividades que directamente est\u00e1n prohibidas, como pasear animales. <\/strong><\/p>\n\n\n\n<figure class=\"wp-block-image size-large\"><img loading=\"lazy\" decoding=\"async\" width=\"550\" height=\"334\" src=\"https:\/\/lavozpuntana.com\/wp-content\/uploads\/2023\/10\/WhatsApp-Image-2023-10-03-at-01.18.13.jpeg\" alt=\"\" class=\"wp-image-10610\" srcset=\"https:\/\/lavozpuntana.com\/wp-content\/uploads\/2023\/10\/WhatsApp-Image-2023-10-03-at-01.18.13.jpeg 550w, https:\/\/lavozpuntana.com\/wp-content\/uploads\/2023\/10\/WhatsApp-Image-2023-10-03-at-01.18.13-300x182.jpeg 300w\" sizes=\"auto, (max-width: 550px) 100vw, 550px\" \/><\/figure>\n\n\n\n<p>En di\u00e1logo con La Gaceta Digital, Leandro G\u00f3mez, miembro de la Fundaci\u00f3n Azulado, expres\u00f3 su preocupaci\u00f3n por lo que est\u00e1 ocurriendo y pidi\u00f3 a la sociedad respetar la finalidad del espacio.<\/p>\n\n\n\n<p>\u201cEs una situaci\u00f3n recurrente la que estamos viviendo quienes tenemos hijos con autismo, porque si bien la Plaza Azul es integradora y la finalidad es que los chicos se puedan adaptar tambi\u00e9n socialmente, se est\u00e1n rompiendo los patrones y no se est\u00e1 dando respetando el uso espec\u00edfico que tiene\u201d, dijo Leandro, quien apunt\u00f3 a la contaminaci\u00f3n sonora, algo que muchos ni\u00f1os con autismo no toleran, y a la aglomeraci\u00f3n de personas, lo que dispara los niveles de ansiedad de los chicos con TEA.<\/p>\n\n\n\n<p>\u201cB\u00e1sicamente lo que he notado cuando voy con mi hijo es que los vecinos de la zona usan la Plaza Azul como si fuera una plaza normal, a pesar de que hay dos plazas m\u00e1s disponibles dentro del predio Procrear, donde los adultos pueden hacer un picnic, compartir mates y sus hijos jugar al resguardo. La molestia que tienen los padres que tienen ni\u00f1os con autismo es que, en vez de ir a esos lugares, ocupan la Plaza Azul. Queremos pedirles a todos los padres que tienen ni\u00f1os neurot\u00edpicos o aquellos que desean acampar o tomar mate y pasar una linda tarde que hagan uso de los otros espacios verdes y permitan que la Plaza Azul se ocupe con su finalidad espec\u00edfica, que es para los ni\u00f1os y las familias de ni\u00f1os con autismo que son los que necesitan un espacio con poco ruido, donde no se genere basura porque muchos ni\u00f1os con autismo son muy sensoriales y toda la basura que cae al piso suelen met\u00e9rsela a la boca. Por eso tampoco es recomendable que anden paseando perros, por ejemplo, porque los ni\u00f1os con autismo no miden y pueden agarrar las heces de los perros y met\u00e9rselas a la boca, lo mismo con las colillas de cigarrillos y todo tipo de residuos que se pueda generar en una juntada masiva dentro del espacio\u201d, coment\u00f3 Leandro.<\/p>\n\n\n\n<p>G\u00f3mez tambi\u00e9n se\u00f1al\u00f3 que se han reportado actos de vandalismo en la Plaza Azul, incluyendo la rotura de juegos y tableros did\u00e1cticos utilizados para el aprendizaje de los ni\u00f1os con autismo. \u201cHay una serie de tableros especiales que se utilizan de forma did\u00e1ctica para que los ni\u00f1os con autismo aprendan ciertos patrones y muchos de ellos ya han sido vandalizados. Se han robado alg\u00fan autito del tablero o han roto algunos spinners y los objetos que est\u00e1n ah\u00ed para que los ni\u00f1os se puedan recrear\u201d, cont\u00f3.<\/p>\n\n\n\n<p>A esto hay que sumarle el robo de los \u00e1rboles frutales que los mismos padres plantaron en el espacio, ya que el mismo pr\u00e1cticamente no tiene sombra. \u201cEs una lucha constante con los que van y se roban los \u00e1rboles\u201d, coment\u00f3.<\/p>\n\n\n\n<p>En este sentido, grupos de padres est\u00e1n trabajando en conjunto con la Municipalidad para abordar esta problem\u00e1tica y promover la conciencia sobre el uso adecuado de la plaza. Asimismo, Leandro cont\u00f3 que la Municipalidad ha dispuesto de una guardia nocturna para evitar actos de vandalismo, mientras que los trabajadores que abren el predio y lo cuidan son muy responsables con el mismo.<\/p>\n\n\n\n<p>\u201cMuchos de los empleados municipales que van a hacer mantenimiento y los cuidados correctivos en el predio te manifiestan que la gente se enoja cuando les dicen que no pueden ingresar con un perro, a acampar o que hay que mantener la puerta cerrada. Les contestan muy mal y les dicen cosas como que eso es un espacio p\u00fablico. Nosotros entendemos que es un espacio p\u00fablico, pero tiene una finalidad espec\u00edfica, que son los ni\u00f1os con TEA. Es un espacio p\u00fablico, pero adaptado a esta situaci\u00f3n\u201d, relat\u00f3 G\u00f3mez.<\/p>\n\n\n\n<p>\u201cLa plaza est\u00e1 muy concurrida. Por ejemplo, yo estuve el d\u00eda viernes con mi hijo y la contaminaci\u00f3n sonora era muy elevada. Particularmente, mi hijo no tiene problemas con la contaminaci\u00f3n sonora, pero la gran mayor\u00eda de los chicos con TEA s\u00ed. Adem\u00e1s, esto es algo que s\u00ed tiene mi hijo, la mayor\u00eda de los ni\u00f1os son muy sensoriales y se meten todo a la boca, por lo que ten\u00e9s que estar cuid\u00e1ndote de que no agarre colillas de cigarrillos, heces de perro y todas las cosas que te encontr\u00e1s en la plaza y que no deber\u00edan estar\u201d, concluy\u00f3 Leandro.<\/p>\n\n\n\n<p>Fuente: La Gaceta Digital.<\/p>\n","protected":false},"excerpt":{"rendered":"<p>Apoco m\u00e1s de un mes de su inauguraci\u00f3n, la plaza Azul en la ciudad de San Luis, un espacio creado para ni\u00f1os con trastornos del espectro autista (TEA) y sus familias, no solo ha sido el objeto de actos de vandalismo, sino que habitualmente se ve ocupada por gente para la cual no fue creada, realizando inclusive actividades que directamente est\u00e1n prohibidas, como pasear animales. En di\u00e1logo con La Gaceta Digital, Leandro G\u00f3mez, miembro de la Fundaci\u00f3n Azulado, expres\u00f3 su preocupaci\u00f3n por lo que est\u00e1 ocurriendo y pidi\u00f3 a la sociedad respetar la finalidad del espacio.<\/p>\n","protected":false},"author":4,"featured_media":10611,"comment_status":"closed","ping_status":"closed","sticky":false,"template":"","format":"standard","meta":{"footnotes":""},"categories":[4],"tags":[],"class_list":["post-10609","post","type-post","status-publish","format-standard","has-post-thumbnail","hentry","category-la-provincia"],"_links":{"self":[{"href":"https:\/\/lavozpuntana.com\/index.php?rest_route=\/wp\/v2\/posts\/10609","targetHints":{"allow":["GET"]}}],"collection":[{"href":"https:\/\/lavozpuntana.com\/index.php?rest_route=\/wp\/v2\/posts"}],"about":[{"href":"https:\/\/lavozpuntana.com\/index.php?rest_route=\/wp\/v2\/types\/post"}],"author":[{"embeddable":true,"href":"https:\/\/lavozpuntana.com\/index.php?rest_route=\/wp\/v2\/users\/4"}],"replies":[{"embeddable":true,"href":"https:\/\/lavozpuntana.com\/index.php?rest_route=%2Fwp%2Fv2%2Fcomments&post=10609"}],"version-history":[{"count":1,"href":"https:\/\/lavozpuntana.com\/index.php?rest_route=\/wp\/v2\/posts\/10609\/revisions"}],"predecessor-version":[{"id":10612,"href":"https:\/\/lavozpuntana.com\/index.php?rest_route=\/wp\/v2\/posts\/10609\/revisions\/10612"}],"wp:featuredmedia":[{"embeddable":true,"href":"https:\/\/lavozpuntana.com\/index.php?rest_route=\/wp\/v2\/media\/10611"}],"wp:attachment":[{"href":"https:\/\/lavozpuntana.com\/index.php?rest_route=%2Fwp%2Fv2%2Fmedia&parent=10609"}],"wp:term":[{"taxonomy":"category","embeddable":true,"href":"https:\/\/lavozpuntana.com\/index.php?rest_route=%2Fwp%2Fv2%2Fcategories&post=10609"},{"taxonomy":"post_tag","embeddable":true,"href":"https:\/\/lavozpuntana.com\/index.php?rest_route=%2Fwp%2Fv2%2Ftags&post=10609"}],"curies":[{"name":"wp","href":"https:\/\/api.w.org\/{rel}","templated":true}]}}