{"id":10662,"date":"2023-10-06T12:54:58","date_gmt":"2023-10-06T15:54:58","guid":{"rendered":"https:\/\/lavozpuntana.com\/?p=10662"},"modified":"2023-10-06T12:55:00","modified_gmt":"2023-10-06T15:55:00","slug":"la-uocra-marcho-al-poder-judicial-contra-la-medida-cautelar-que-freno-la-obra-publica","status":"publish","type":"post","link":"https:\/\/lavozpuntana.com\/?p=10662","title":{"rendered":"LA UOCRA MARCH\u00d3 AL PODER JUDICIAL CONTRA LA MEDIDA CAUTELAR QUE FREN\u00d3 LA OBRA P\u00daBLICA"},"content":{"rendered":"\n<p><strong>Trabajadores de la Uni\u00f3n Obrera de la Construcci\u00f3n de la Rep\u00fablica Argentina (UOCRA), seccional San Luis, se movilizaron este viernes por la ma\u00f1ana hasta el Poder Judicial, para protestar contra el fallo de la jueza Laboral N\u00b02, Mar\u00eda Eugenia Bona, que paraliz\u00f3 la obra p\u00fablica de la provincia.<\/strong><\/p>\n\n\n\n<figure class=\"wp-block-image size-large\"><img loading=\"lazy\" decoding=\"async\" width=\"987\" height=\"541\" src=\"http:\/\/lavozpuntana.com\/wp-content\/uploads\/2023\/10\/uocr-1.png\" alt=\"\" class=\"wp-image-10663\" srcset=\"https:\/\/lavozpuntana.com\/wp-content\/uploads\/2023\/10\/uocr-1.png 987w, https:\/\/lavozpuntana.com\/wp-content\/uploads\/2023\/10\/uocr-1-300x164.png 300w, https:\/\/lavozpuntana.com\/wp-content\/uploads\/2023\/10\/uocr-1-768x421.png 768w\" sizes=\"auto, (max-width: 987px) 100vw, 987px\" \/><\/figure>\n\n\n\n<p>El lunes de esta semana, la magistrada hizo lugar a una presentaci\u00f3n del gobernador electo, Claudio Poggi, y orden\u00f3 al Ejecutivo suspender contrataciones, licitaciones y adjudicaciones hasta el 9 de diciembre. La medida cautelar ya fue recurrida por Fiscal\u00eda de Estado, pero se mantiene vigente hasta que se resuelva la apelaci\u00f3n.<\/p>\n\n\n\n<p>Los trabajadores de la construcci\u00f3n temen por la continuidad de la fuente laboral, ya que la obra p\u00fablica genera el 80% de los puestos del sector en la provincia.<\/p>\n\n\n\n<p>Algunas de las empresas que tienen obras por realizar suspendieron a sus empleados hasta que se resuelva la continuidad de las ejecuciones.<\/p>\n\n\n\n<p>Fuente: San Luis 24. <\/p>\n","protected":false},"excerpt":{"rendered":"<p>Trabajadores de la Uni\u00f3n Obrera de la Construcci\u00f3n de la Rep\u00fablica Argentina (UOCRA), seccional San Luis, se movilizaron este viernes por la ma\u00f1ana hasta el Poder Judicial, para protestar contra el fallo de la jueza Laboral N\u00b02, Mar\u00eda Eugenia Bona, que paraliz\u00f3 la obra p\u00fablica de la provincia.<\/p>\n","protected":false},"author":4,"featured_media":10663,"comment_status":"closed","ping_status":"closed","sticky":false,"template":"","format":"standard","meta":{"footnotes":""},"categories":[4],"tags":[],"class_list":["post-10662","post","type-post","status-publish","format-standard","has-post-thumbnail","hentry","category-la-provincia"],"_links":{"self":[{"href":"https:\/\/lavozpuntana.com\/index.php?rest_route=\/wp\/v2\/posts\/10662","targetHints":{"allow":["GET"]}}],"collection":[{"href":"https:\/\/lavozpuntana.com\/index.php?rest_route=\/wp\/v2\/posts"}],"about":[{"href":"https:\/\/lavozpuntana.com\/index.php?rest_route=\/wp\/v2\/types\/post"}],"author":[{"embeddable":true,"href":"https:\/\/lavozpuntana.com\/index.php?rest_route=\/wp\/v2\/users\/4"}],"replies":[{"embeddable":true,"href":"https:\/\/lavozpuntana.com\/index.php?rest_route=%2Fwp%2Fv2%2Fcomments&post=10662"}],"version-history":[{"count":1,"href":"https:\/\/lavozpuntana.com\/index.php?rest_route=\/wp\/v2\/posts\/10662\/revisions"}],"predecessor-version":[{"id":10664,"href":"https:\/\/lavozpuntana.com\/index.php?rest_route=\/wp\/v2\/posts\/10662\/revisions\/10664"}],"wp:featuredmedia":[{"embeddable":true,"href":"https:\/\/lavozpuntana.com\/index.php?rest_route=\/wp\/v2\/media\/10663"}],"wp:attachment":[{"href":"https:\/\/lavozpuntana.com\/index.php?rest_route=%2Fwp%2Fv2%2Fmedia&parent=10662"}],"wp:term":[{"taxonomy":"category","embeddable":true,"href":"https:\/\/lavozpuntana.com\/index.php?rest_route=%2Fwp%2Fv2%2Fcategories&post=10662"},{"taxonomy":"post_tag","embeddable":true,"href":"https:\/\/lavozpuntana.com\/index.php?rest_route=%2Fwp%2Fv2%2Ftags&post=10662"}],"curies":[{"name":"wp","href":"https:\/\/api.w.org\/{rel}","templated":true}]}}