{"id":10780,"date":"2023-10-19T00:19:10","date_gmt":"2023-10-19T03:19:10","guid":{"rendered":"https:\/\/lavozpuntana.com\/?p=10780"},"modified":"2023-10-19T00:19:12","modified_gmt":"2023-10-19T03:19:12","slug":"muerte-de-la-beba-preventiva-para-melanie-castro-y-edgar-sanchez","status":"publish","type":"post","link":"https:\/\/lavozpuntana.com\/?p=10780","title":{"rendered":"MUERTE DE LA BEBA: PREVENTIVA PARA MELANIE CASTRO Y EDGAR S\u00c1NCHEZ"},"content":{"rendered":"\n<p><strong>Melanie Castro, de 23 a\u00f1os, y su pareja, Edgar S\u00e1nchez, de 32 a\u00f1os fueron trasladados al Servicio Penitenciario Provincial acusados de homicidio calificado por el v\u00ednculo en el caso de la mujer, y de homicidio simple para el hombre; ambos en calidad de coautores, en perjuicio de una beba de 10 meses, hija de la imputada.<\/strong><\/p>\n\n\n\n<figure class=\"wp-block-image size-large\"><img loading=\"lazy\" decoding=\"async\" width=\"741\" height=\"466\" src=\"http:\/\/lavozpuntana.com\/wp-content\/uploads\/2023\/10\/1612651104678.png\" alt=\"\" class=\"wp-image-10781\" srcset=\"https:\/\/lavozpuntana.com\/wp-content\/uploads\/2023\/10\/1612651104678.png 741w, https:\/\/lavozpuntana.com\/wp-content\/uploads\/2023\/10\/1612651104678-300x189.png 300w\" sizes=\"auto, (max-width: 741px) 100vw, 741px\" \/><\/figure>\n\n\n\n<p>&nbsp;As\u00ed lo orden\u00f3 el juez de Garant\u00edas N\u00b0 4 de la ciudad de San Luis, Marcelo Bustamante Marone, en la audiencia de formulaci\u00f3n de cargos que se desarroll\u00f3 este mi\u00e9rcoles al mediod\u00eda, en la Sala de Oralidad N\u00b0 2 de Tribunales.<\/p>\n\n\n\n<p>El plazo de la medida es de 120 d\u00edas. De esta manera, el magistrado hizo lugar al pedido de la Fiscal N\u00b0 1, Mar\u00eda Eugenia Zabala Chacur, qui\u00e9n argument\u00f3 que se deb\u00eda cautelar la investigaci\u00f3n con la medida coercitiva m\u00e1s gravosa que tiene el C\u00f3digo Procesal Penal por existir riesgos de entorpecimiento del proceso y obstaculizaci\u00f3n de testimonios de personas esenciales a la causa, la mayor\u00eda familiares directos de la pareja.<\/p>\n\n\n\n<p>Adem\u00e1s, la funcionaria mencion\u00f3 que, atento a la pena en expectativa, surge el peligro de una posible fuga. \u201cEstamos hablando de una pena de prisi\u00f3n perpetua en caso de Melanie y de una pena de cumplimiento efectivo en caso de S\u00e1nchez, y esto hace que surja evidente el peligro de fuga por la posible necesidad de abstraerse del proceso\u201d, dijo Chacur.<\/p>\n\n\n\n<p>La pareja se abstuvo de declarar en la audiencia de formulaci\u00f3n de cargos que se desarroll\u00f3 este mi\u00e9rcoles al mediod\u00eda.<\/p>\n\n\n\n<p>La fiscal dijo que la imputaci\u00f3n de cargos se sustenta en los hechos ocurridos el pasado 8 de octubre, entre las 17 y las 17:25 horas, cuando la beba de 10 meses fue llevada por su madre al Hospital Cerro de la Cruz en un estado de desvanecimiento y sin signos vitales. De acuerdo a la gravedad de su estado, los m\u00e9dicos activaron el C\u00f3digo Rojo y la ni\u00f1a fue trasladada al Hospital Central.<\/p>\n\n\n\n<p>Ya en el Policl\u00ednico, el equipo m\u00e9dico le hizo pr\u00e1cticas de reanimaci\u00f3n y una vez que constataron la fractura de cr\u00e1neo ordenaron su internaci\u00f3n en Terapia Intensiva. Chacur dijo que una de las doctoras que atendi\u00f3 a la beb\u00e9 inform\u00f3 que presentaba un edema cerebral, hematoma subdural en la cabeza, fractura de cr\u00e1neo, y un hematoma en el rostro, y otro en el pie derecho.<\/p>\n\n\n\n<p>Dicho diagn\u00f3stico fue coincidente con el que emiti\u00f3 horas m\u00e1s tarde el m\u00e9dico de terapia intensiva. Con el correr de los d\u00edas el cuadro de la beba empeor\u00f3 y el 15 de octubre falleci\u00f3. La m\u00e9dica forense del Poder Judicial, Marcela G\u00f3mez, determin\u00f3 que la causa eficiente de muerte fue un traumatismo de cr\u00e1neo.<\/p>\n\n\n\n<p>\u201cEl hecho que les endilgo ocurri\u00f3 en el barrio 208 Viviendas, en el domicilio de S\u00e1nchez, y el lugar donde permanece los fines de semana la se\u00f1ora Castro junto a su beb\u00e9. Ese domingo, estando presentes las personas mencionadas m\u00e1s los tres hijos menores de S\u00e1nchez, se produce el hecho que esta Fiscal\u00eda ha podido reconstruir como una fuerte golpiza o una fuerte ca\u00edda. Es decir, que hubo un fuerte impulso que termin\u00f3 provocando en la menor una fractura de cr\u00e1neo, que deriv\u00f3 en una hemorragia aguda cerebral y la muerte\u201d, narr\u00f3 la funcionaria del Ministerio P\u00fablico Fiscal.<\/p>\n\n\n\n<p>Y agreg\u00f3: \u201cEn su informe forense, la doctora G\u00f3mez adem\u00e1s advirti\u00f3 la presencia de una hemorragia en llamas en retina, como se dice en los t\u00e9rminos m\u00e9dicos, y que son circunstancias que caracterizan el maltrato infantil\u201d. La fiscal mencion\u00f3 en su imputaci\u00f3n que en septiembre pasado la beb\u00e9 sufri\u00f3 una fractura en su pie izquierdo.<\/p>\n\n\n\n<p>La Fiscal\u00eda dijo que la imputaci\u00f3n es provisoria y puede sufrir alguna modificaci\u00f3n, de acuerdo a lo que surja de la investigaci\u00f3n, una vez que se determine la participaci\u00f3n concreta de cada uno de los involucrados.<\/p>\n\n\n\n<p>Las Defensas p\u00fablicas de la pareja se opusieron al pedido de preventiva y atacaron la acusaci\u00f3n de la Fiscal\u00eda. \u201cEstamos ante un hecho grav\u00edsimo y en ese contexto la Fiscal\u00eda se apresur\u00f3 en pedir la formulaci\u00f3n de cargos sin todav\u00eda saber si la causa eficiente de muerte fue por fuertes golpizas o fuerte ca\u00edda. Mi defendido tiene arraigo en la provincia y piden una prisi\u00f3n de 120 d\u00edas cuando a\u00fan se deben revisar algunas medidas que son de vital importancia y entiendo que tendr\u00edan que estar para que esta defensa pueda cotejarlas\u201d, dijo Carlos Salazar, Defensor Oficial en lo Penal N\u00b0 1 en representaci\u00f3n de S\u00e1nchez.<\/p>\n\n\n\n<p>Y agreg\u00f3: \u201cMi asistido siempre ha estado a derecho y no ha entorpecido la investigaci\u00f3n. Cuando la Fiscal\u00eda menciona lo de la pena en expectativa me pregunto de qu\u00e9, si a\u00fan no sabemos si la muerte fue por golpes o una ca\u00edda. Se le pregunt\u00f3 a la Fiscal\u00eda qu\u00e9 personas estaban ese d\u00eda y tampoco se sabe. El plazo de la preventiva es excesivo y no se verifican los elementos de riesgo para pedirla, adem\u00e1s la imputaci\u00f3n es endeble y por eso solicito la libertad de S\u00e1nchez y en caso de dictar una prisi\u00f3n preventiva no debe ser mayor a los 60 d\u00edas\u201d.<\/p>\n\n\n\n<p>En igual sentido, Nadia Ag\u00fandez, Defensor\u00eda Oficial en lo Penal N\u00b0 2, en representaci\u00f3n de Castro, dijo que la prisi\u00f3n preventiva debe ser \u201cde car\u00e1cter excepcional\u00edsimo\u201d y solamente se debe dictar en casos de entorpecimiento de la investigaci\u00f3n, peligro de fuga y cuando hay una solidez en la acusaci\u00f3n que haga entender que ha existido el hecho y la autor\u00eda de las personas imputadas.<\/p>\n\n\n\n<p>\u201cDe acuerdo a lo dicho por la Fiscal\u00eda, entiendo que ninguno de esos tres elementos se da. No existe solidez en la acusaci\u00f3n, no hay raz\u00f3n de muerte; no existe la posibilidad de entender si hay autor\u00eda o una conducta omisiva por parte de mi defendida. Tampoco hay riesgo de fuga. Hay que aclarar que las dos veces que la beb\u00e9 fue al Hospital fue llevada por la mam\u00e1 y eso habla de una conducta de resguardar la integridad f\u00edsica de la menor. Mi defendida siempre estuvo a derecho porque entiende que no tuvo materialidad en su accionar que provocara la muerte de su hija\u201d, expres\u00f3 la Defensora.<\/p>\n\n\n\n<p>Al dar por formulados los cargos contra las dos personas imputadas, el juez explic\u00f3 que la acusaci\u00f3n fue clara y contundente y que hay riesgo cierto de entorpecimiento de la investigaci\u00f3n. \u201cPor esto hay que salvaguardar el proceso y la evidencia, que ser\u00e1 de vital importancia para acreditar o no la teor\u00eda de la Fiscal\u00eda que sostiene que las personas acusadas son autores del delito m\u00e1s grave tipificado en el C\u00f3digo Penal. Las medidas y evidencias que restan por sumar, hacen viable el pedido de la medida coercitiva y el plazo solicitado de 120 d\u00edas atento a la entidad del delito\u201d, concluy\u00f3 Bustamante Marone.<\/p>\n\n\n\n<p>Fuente: La Gaceta Digital.<\/p>\n","protected":false},"excerpt":{"rendered":"<p>Melanie Castro, de 23 a\u00f1os, y su pareja, Edgar S\u00e1nchez, de 32 a\u00f1os fueron trasladados al Servicio Penitenciario Provincial acusados de homicidio calificado por el v\u00ednculo en el caso de la mujer, y de homicidio simple para el hombre; ambos en calidad de coautores, en perjuicio de una beba de 10 meses, hija de la imputada.<\/p>\n","protected":false},"author":4,"featured_media":10781,"comment_status":"closed","ping_status":"closed","sticky":false,"template":"","format":"standard","meta":{"footnotes":""},"categories":[4],"tags":[],"class_list":["post-10780","post","type-post","status-publish","format-standard","has-post-thumbnail","hentry","category-la-provincia"],"_links":{"self":[{"href":"https:\/\/lavozpuntana.com\/index.php?rest_route=\/wp\/v2\/posts\/10780","targetHints":{"allow":["GET"]}}],"collection":[{"href":"https:\/\/lavozpuntana.com\/index.php?rest_route=\/wp\/v2\/posts"}],"about":[{"href":"https:\/\/lavozpuntana.com\/index.php?rest_route=\/wp\/v2\/types\/post"}],"author":[{"embeddable":true,"href":"https:\/\/lavozpuntana.com\/index.php?rest_route=\/wp\/v2\/users\/4"}],"replies":[{"embeddable":true,"href":"https:\/\/lavozpuntana.com\/index.php?rest_route=%2Fwp%2Fv2%2Fcomments&post=10780"}],"version-history":[{"count":1,"href":"https:\/\/lavozpuntana.com\/index.php?rest_route=\/wp\/v2\/posts\/10780\/revisions"}],"predecessor-version":[{"id":10782,"href":"https:\/\/lavozpuntana.com\/index.php?rest_route=\/wp\/v2\/posts\/10780\/revisions\/10782"}],"wp:featuredmedia":[{"embeddable":true,"href":"https:\/\/lavozpuntana.com\/index.php?rest_route=\/wp\/v2\/media\/10781"}],"wp:attachment":[{"href":"https:\/\/lavozpuntana.com\/index.php?rest_route=%2Fwp%2Fv2%2Fmedia&parent=10780"}],"wp:term":[{"taxonomy":"category","embeddable":true,"href":"https:\/\/lavozpuntana.com\/index.php?rest_route=%2Fwp%2Fv2%2Fcategories&post=10780"},{"taxonomy":"post_tag","embeddable":true,"href":"https:\/\/lavozpuntana.com\/index.php?rest_route=%2Fwp%2Fv2%2Ftags&post=10780"}],"curies":[{"name":"wp","href":"https:\/\/api.w.org\/{rel}","templated":true}]}}