{"id":10874,"date":"2023-10-26T15:10:58","date_gmt":"2023-10-26T18:10:58","guid":{"rendered":"https:\/\/lavozpuntana.com\/?p=10874"},"modified":"2023-10-26T15:11:00","modified_gmt":"2023-10-26T18:11:00","slug":"alberto-rodriguez-saa-participa-de-una-reunion-de-massa-con-gobernadores-de-18-provincias-en-el-cfi","status":"publish","type":"post","link":"https:\/\/lavozpuntana.com\/?p=10874","title":{"rendered":"ALBERTO RODR\u00cdGUEZ SA\u00c1 PARTICIPA DE UNA REUNI\u00d3N DE MASSA CON GOBERNADORES DE 18 PROVINCIAS EN EL CFI"},"content":{"rendered":"\n<p><strong>Sergio Massa se reunir\u00e1 este jueves, desde las 13.00, en la sede del Consejo Federal de Inversiones (CFI) con 18 gobernadores para analizar un amplio temario \u201cque abarcar\u00e1 desde un plan de obras hasta el an\u00e1lisis de distintos programas de gobierno y econ\u00f3micos\u201d, inform\u00f3 la oficina de prensa del funcionario nacional.<\/strong><\/p>\n\n\n\n<figure class=\"wp-block-image size-large\"><img loading=\"lazy\" decoding=\"async\" width=\"1024\" height=\"576\" src=\"http:\/\/lavozpuntana.com\/wp-content\/uploads\/2023\/10\/massalberto-1024x576.jpg\" alt=\"\" class=\"wp-image-10875\" srcset=\"https:\/\/lavozpuntana.com\/wp-content\/uploads\/2023\/10\/massalberto-1024x576.jpg 1024w, https:\/\/lavozpuntana.com\/wp-content\/uploads\/2023\/10\/massalberto-300x169.jpg 300w, https:\/\/lavozpuntana.com\/wp-content\/uploads\/2023\/10\/massalberto-768x432.jpg 768w, https:\/\/lavozpuntana.com\/wp-content\/uploads\/2023\/10\/massalberto-800x450.jpg 800w, https:\/\/lavozpuntana.com\/wp-content\/uploads\/2023\/10\/massalberto.jpg 1200w\" sizes=\"auto, (max-width: 1024px) 100vw, 1024px\" \/><\/figure>\n\n\n\n<p>En la reuni\u00f3n, el ministro de Econom\u00eda y candidato a presidente brindar\u00e1 detalles sobre el programa ciudades seguras, plantear\u00e1 ante mandatarios la discusi\u00f3n sobre un nuevo Pacto Fiscal, y tambi\u00e9n sobre la ampliaci\u00f3n de la red ferroviaria, la simplificaci\u00f3n de impuestos, adem\u00e1s de un an\u00e1lisis integral del Plan de Obras para las provincias.<\/p>\n\n\n\n<p>\u201cTambi\u00e9n se analizar\u00e1 el impacto positivo que signific\u00f3 la modificaci\u00f3n del impuesto a las ganancias en las distintas provincias\u201d, destacaron desde el equipo de campa\u00f1a de Massa.<\/p>\n\n\n\n<p>Hasta el momento confirmaron su presencia los gobernadores Axel Kicillof (Buenos Aires), Ra\u00fal Jalil (Catamarca), Mariano Arcioni (Chubut), Oscar Herrera Ahuad (Misiones), Ricardo Quintela (La Rioja), Sergio Ziliotto (La Pampa), Gildo Insfr\u00e1n (Formosa), Juan Manzur (Tucum\u00e1n), Gustavo Bordet (Entre R\u00edos), Jorge Capitanich (Chaco), Gerardo Zamora (Santiago del Estero), Alicia Kirchner (Santa Cruz), Gustavo Melella (Tierra del Fuego), Sergio U\u00f1ac (San Juan), Omar Perotti (Santa Fe), Alberto Rodr\u00edguez S\u00e1a (San Luis), Omar Guti\u00e9rrez (Neuqu\u00e9n) y tambi\u00e9n Arabela Carreras y Alberto Weretilneck (actual y electo de R\u00edo Negro).<\/p>\n","protected":false},"excerpt":{"rendered":"<p>Sergio Massa se reunir\u00e1 este jueves, desde las 13.00, en la sede del Consejo Federal de Inversiones (CFI) con 18 gobernadores para analizar un amplio temario \u201cque abarcar\u00e1 desde un plan de obras hasta el an\u00e1lisis de distintos programas de gobierno y econ\u00f3micos\u201d, inform\u00f3 la oficina de prensa del funcionario nacional.<\/p>\n","protected":false},"author":4,"featured_media":10875,"comment_status":"closed","ping_status":"closed","sticky":false,"template":"","format":"standard","meta":{"footnotes":""},"categories":[4],"tags":[],"class_list":["post-10874","post","type-post","status-publish","format-standard","has-post-thumbnail","hentry","category-la-provincia"],"_links":{"self":[{"href":"https:\/\/lavozpuntana.com\/index.php?rest_route=\/wp\/v2\/posts\/10874","targetHints":{"allow":["GET"]}}],"collection":[{"href":"https:\/\/lavozpuntana.com\/index.php?rest_route=\/wp\/v2\/posts"}],"about":[{"href":"https:\/\/lavozpuntana.com\/index.php?rest_route=\/wp\/v2\/types\/post"}],"author":[{"embeddable":true,"href":"https:\/\/lavozpuntana.com\/index.php?rest_route=\/wp\/v2\/users\/4"}],"replies":[{"embeddable":true,"href":"https:\/\/lavozpuntana.com\/index.php?rest_route=%2Fwp%2Fv2%2Fcomments&post=10874"}],"version-history":[{"count":1,"href":"https:\/\/lavozpuntana.com\/index.php?rest_route=\/wp\/v2\/posts\/10874\/revisions"}],"predecessor-version":[{"id":10876,"href":"https:\/\/lavozpuntana.com\/index.php?rest_route=\/wp\/v2\/posts\/10874\/revisions\/10876"}],"wp:featuredmedia":[{"embeddable":true,"href":"https:\/\/lavozpuntana.com\/index.php?rest_route=\/wp\/v2\/media\/10875"}],"wp:attachment":[{"href":"https:\/\/lavozpuntana.com\/index.php?rest_route=%2Fwp%2Fv2%2Fmedia&parent=10874"}],"wp:term":[{"taxonomy":"category","embeddable":true,"href":"https:\/\/lavozpuntana.com\/index.php?rest_route=%2Fwp%2Fv2%2Fcategories&post=10874"},{"taxonomy":"post_tag","embeddable":true,"href":"https:\/\/lavozpuntana.com\/index.php?rest_route=%2Fwp%2Fv2%2Ftags&post=10874"}],"curies":[{"name":"wp","href":"https:\/\/api.w.org\/{rel}","templated":true}]}}