{"id":10922,"date":"2023-10-31T16:37:54","date_gmt":"2023-10-31T19:37:54","guid":{"rendered":"https:\/\/lavozpuntana.com\/?p=10922"},"modified":"2023-10-31T16:37:55","modified_gmt":"2023-10-31T19:37:55","slug":"caso-diego-gatica-suspenden-el-inicio-del-juicio-oral","status":"publish","type":"post","link":"https:\/\/lavozpuntana.com\/?p=10922","title":{"rendered":"CASO DIEGO GATICA: SUSPENDEN EL INICIO DEL JUICIO ORAL"},"content":{"rendered":"\n<p><strong>La Direcci\u00f3n del Colegio de Jueces de la Primera Circunscripci\u00f3n suspendi\u00f3 las audiencias previstas en la causa que investiga el homicidio en ocasi\u00f3n de robo del agente de polic\u00eda, Diego Gatica.<\/strong><\/p>\n\n\n\n<figure class=\"wp-block-image size-large\"><img loading=\"lazy\" decoding=\"async\" width=\"600\" height=\"365\" src=\"http:\/\/lavozpuntana.com\/wp-content\/uploads\/2023\/10\/1662935454453.jpg\" alt=\"\" class=\"wp-image-10923\" srcset=\"https:\/\/lavozpuntana.com\/wp-content\/uploads\/2023\/10\/1662935454453.jpg 600w, https:\/\/lavozpuntana.com\/wp-content\/uploads\/2023\/10\/1662935454453-300x183.jpg 300w\" sizes=\"auto, (max-width: 600px) 100vw, 600px\" \/><\/figure>\n\n\n\n<p>Se trata de la audiencia de preparaci\u00f3n de juicio que hab\u00eda sido fijada para este lunes como as\u00ed tambi\u00e9n la del inicio del debate oral programada para el viernes 3 de noviembre a las 9 horas. La decisi\u00f3n respondi\u00f3 a una presentaci\u00f3n que realiz\u00f3 el abogado Rafael Berruezo, en representaci\u00f3n de la particular damnificada, es decir, de Carina Ledesma, madre de la v\u00edctima.<\/p>\n\n\n\n<p>En su escrito, el letrado solicit\u00f3 que se provea una serie de medidas de pruebas a las que defini\u00f3 como \u201cimprescindibles\u201d para su teor\u00eda del caso ya que le permitir\u00e1 demostrar \u201cque los imputados sab\u00edan, al momento del hecho, que Diego Gatica era polic\u00eda de la provincia de San Luis\u201d.<\/p>\n\n\n\n<p>\u201cEste conocimiento -a\u00f1adi\u00f3 Berruezo- har\u00eda variar ostensiblemente la calificaci\u00f3n legal atribuida a los imputados\u201d. Los acusados que llegan a debate oral son: Alexis Cuello Mor\u00e1n, Maycol Bustos y Lautaro Cruz, a quienes se les imputa el delito de homicidio en ocasi\u00f3n de robo y enfrentan pedidos de condena que van de los 25 a los 5 a\u00f1os de prisi\u00f3n.<\/p>\n\n\n\n<p>La solicitud del abogado incluye la declaraci\u00f3n de testigos, la remisi\u00f3n de material filmogr\u00e1fico de las videoc\u00e1maras ubicadas sobre Avenida Eva Per\u00f3n N\u00b0 3300, el libramiento de oficio al Centro de Monitoreo de Patentes, el peritaje al tel\u00e9fono celular Motorola perteneciente a Diego Gatica, con el material fotogr\u00e1fico o video de inter\u00e9s para la causa que surjan entre 2020 hasta 5 de septiembre de 2022; como as\u00ed tambi\u00e9n la reconstrucci\u00f3n del hecho.<\/p>\n\n\n\n<p>Berruezo tambi\u00e9n requiri\u00f3, entre otras medidas, que se libre oficio al Ministerio de Seguridad y Jefatura Central de Polic\u00eda a fines de que remitan Actas IP (horas extras) y guardias de la Polic\u00eda realizadas por la v\u00edctima desde el 2020 hasta septiembre del 2022, con especial referencia a las guardias del 16 al 18 de agosto de 2022 realizadas en la casilla de polic\u00eda de EDESAL, ubicada frente a estaci\u00f3n EDIRO y las realizadas en el hospital materno en el transcurso del 2022.<\/p>\n\n\n\n<p>\u201cDada la importancia de la prueba y de un ostensible cambio de calificaci\u00f3n, entendemos que, para evitar planteos defensivos, estas medidas se deben llevar a cabo por el Fiscal de Instrucci\u00f3n, a fin de que las defensas puedan controlar las mismas en resguardo al derecho de defensa\u201d, expres\u00f3 el abogado.<\/p>\n\n\n\n<p>Berruezo concluye su escrito, presentado ayer por sistema, con el pedido de suspensi\u00f3n de la audiencia prevista para este lunes como as\u00ed tambi\u00e9n la suspensi\u00f3n del inicio del debate oral, con habilitaci\u00f3n de d\u00eda y hora.&nbsp;<\/p>\n\n\n\n<p>Por ello, la Direcci\u00f3n del Colegio de Jueces remiti\u00f3 la presentaci\u00f3n del particular damnificado a Fiscal\u00eda de Juicio N\u00b0 1 \u201ca efectos de que se le d\u00e9 el tr\u00e1mite que estime corresponder\u201d, y suspendi\u00f3 las audiencias fijadas para esta semana.<\/p>\n\n\n\n<p>El homicidio<\/p>\n\n\n\n<p>El hecho que se investiga ocurri\u00f3 el 5 de septiembre de 2022, alrededor de las 19:30 horas. Ese d\u00eda, Gatica circulaba en su bicicleta por la avenida Eva Per\u00f3n a la altura del barrio Tibiletti, cuando fue sorprendido por un grupo de j\u00f3venes, entre los que se encontraban menores de edad, quienes lo interceptaron, le pegaron en la cabeza con una piedra, lo tiraron al piso y le sustrajeron una bicicleta blanca marca Venzo y sus zapatillas.<\/p>\n\n\n\n<p>En la audiencia de control de acusaci\u00f3n, la fiscal\u00eda narr\u00f3 que las personas que estaban en ese grupo eran T.L., M.A. y M.B. (los tres menores de edad), junto a Alexis Mor\u00e1n, Maycol Bustos y Lautaro Cruz.<\/p>\n\n\n\n<p>&nbsp;\u201cTenemos por probado que M.B. ten\u00eda una bicicleta que quer\u00eda vender. T.L. lo pone en contacto con Cruz, por lo que coordinan juntarse a las 18 horas del 5 de septiembre en la salida trasera del supermercado que ahora se llama Chango M\u00e1s. M.B. llega al lugar acompa\u00f1ado de su primo. Tambi\u00e9n estaban los adolescentes T.L. y Cuello Mor\u00e1n. Todo el grupo, seg\u00fan se constata en las c\u00e1maras de seguridad del lugar, se va caminando hasta el Puente Virgen de Luj\u00e1n\u201d, dijo la fiscal Mar\u00eda del Valle Dur\u00e1n.<\/p>\n\n\n\n<p>La funcionaria sostuvo que all\u00ed comienzan a planear robos a los ciclistas que pasaban por el lugar. \u201cCuando advierten que viene un ciclista, en este caso era Diego Gatica, uno de los j\u00f3venes, Lautaro Cruz, toma la bicicleta que hab\u00edan llevado y hace un adem\u00e1n de tir\u00e1rsela a la v\u00edctima con el objetivo de desestabilizar su circulaci\u00f3n. Luego, T.L. lanza una patada que Gatica logra esquivar y es finalmente M.A. quien le arroja una piedra a la cabeza de Gatica. Este impacto fractura su cr\u00e1neo y cae inconsciente al asfalto\u201d.<\/p>\n\n\n\n<p>De acuerdo al relato de la fiscal, Cruz abandona el lugar, dos de los menores roban la bicicleta y las zapatillas y se van al Barrio Tibilleti, donde esconden el rodado en la iglesia del barrio. M.B. y Mor\u00e1n los ayudan y luego corren a esconderse a sus domicilios.<\/p>\n\n\n\n<p>\u201cUno de los imputados, Ortiz, vecino del barrio Tibilletti, observa la situaci\u00f3n y toma la bicicleta escondida en la iglesia con el objetivo de venderla. Pasa por la casa de Enzo Colombo y se la vende a $5000. Cuando llega la polic\u00eda a esa vivienda se encontraba Esteban Colombo, quien al verlos se da a la fuga, desobedeciendo la voz de alto\u201d, sostuvo la fiscal.<\/p>\n\n\n\n<p>Seis d\u00edas despu\u00e9s, a causa de una falla multiorg\u00e1nica, Gatica fallece en el Hospital Ram\u00f3n Carrillo. Ten\u00eda 30 a\u00f1os y prestaba servicio en la Divisi\u00f3n de Respuesta Inmediata Motorizada (DRIM). El d\u00eda del ataque estaba de franco.<\/p>\n\n\n\n<p>Por todo esto, para el primer imputado, Lautaro Mauricio Cruz, la fiscal solicit\u00f3 25 a\u00f1os de prisi\u00f3n por el delito de homicidio en ocasi\u00f3n de robo agravado por la participaci\u00f3n de menores. Con respecto a Maycol Lautaro Bustos y Alexis Uriel Cuello, la fiscal\u00eda los acus\u00f3 de part\u00edcipes secundarios del delito de homicidio en ocasi\u00f3n de robo y pidi\u00f3 5 a\u00f1os de prisi\u00f3n para el primero y 8 a\u00f1os para el segundo.<\/p>\n\n\n\n<p>A los otros tres j\u00f3venes implicados, Enzo y Esteban Colombo y Omar Ortiz, se les dict\u00f3 la suspensi\u00f3n de juicio a prueba y no ir\u00e1n a debate oral, pero deben cumplir con tareas comunitarias, realizar un resarcimiento econ\u00f3mico y cumplir reglas de conductas. Enfrentaban pedidos de pena que iban de los 2 a\u00f1os a los 10 meses por desobediencia a la autoridad, encubrimiento agravado y encubrimiento agravado con \u00e1nimo de lucro, delitos susceptibles de pena de ejecuci\u00f3n en suspenso.<\/p>\n","protected":false},"excerpt":{"rendered":"<p>La Direcci\u00f3n del Colegio de Jueces de la Primera Circunscripci\u00f3n suspendi\u00f3 las audiencias previstas en la causa que investiga el homicidio en ocasi\u00f3n de robo del agente de polic\u00eda, Diego Gatica.<\/p>\n","protected":false},"author":4,"featured_media":10923,"comment_status":"closed","ping_status":"closed","sticky":false,"template":"","format":"standard","meta":{"footnotes":""},"categories":[4],"tags":[],"class_list":["post-10922","post","type-post","status-publish","format-standard","has-post-thumbnail","hentry","category-la-provincia"],"_links":{"self":[{"href":"https:\/\/lavozpuntana.com\/index.php?rest_route=\/wp\/v2\/posts\/10922","targetHints":{"allow":["GET"]}}],"collection":[{"href":"https:\/\/lavozpuntana.com\/index.php?rest_route=\/wp\/v2\/posts"}],"about":[{"href":"https:\/\/lavozpuntana.com\/index.php?rest_route=\/wp\/v2\/types\/post"}],"author":[{"embeddable":true,"href":"https:\/\/lavozpuntana.com\/index.php?rest_route=\/wp\/v2\/users\/4"}],"replies":[{"embeddable":true,"href":"https:\/\/lavozpuntana.com\/index.php?rest_route=%2Fwp%2Fv2%2Fcomments&post=10922"}],"version-history":[{"count":1,"href":"https:\/\/lavozpuntana.com\/index.php?rest_route=\/wp\/v2\/posts\/10922\/revisions"}],"predecessor-version":[{"id":10924,"href":"https:\/\/lavozpuntana.com\/index.php?rest_route=\/wp\/v2\/posts\/10922\/revisions\/10924"}],"wp:featuredmedia":[{"embeddable":true,"href":"https:\/\/lavozpuntana.com\/index.php?rest_route=\/wp\/v2\/media\/10923"}],"wp:attachment":[{"href":"https:\/\/lavozpuntana.com\/index.php?rest_route=%2Fwp%2Fv2%2Fmedia&parent=10922"}],"wp:term":[{"taxonomy":"category","embeddable":true,"href":"https:\/\/lavozpuntana.com\/index.php?rest_route=%2Fwp%2Fv2%2Fcategories&post=10922"},{"taxonomy":"post_tag","embeddable":true,"href":"https:\/\/lavozpuntana.com\/index.php?rest_route=%2Fwp%2Fv2%2Ftags&post=10922"}],"curies":[{"name":"wp","href":"https:\/\/api.w.org\/{rel}","templated":true}]}}