{"id":10976,"date":"2023-11-06T13:27:26","date_gmt":"2023-11-06T16:27:26","guid":{"rendered":"https:\/\/lavozpuntana.com\/?p=10976"},"modified":"2023-11-06T13:27:28","modified_gmt":"2023-11-06T16:27:28","slug":"aseguran-que-la-unvime-tiene-un-deficit-por-casi-220-millones","status":"publish","type":"post","link":"https:\/\/lavozpuntana.com\/?p=10976","title":{"rendered":"ASEGURAN QUE LA UNVIME TIENE UN D\u00c9FICIT POR CASI 220 MILLONES"},"content":{"rendered":"\n<p><strong>La nueva gesti\u00f3n eval\u00faa declarar la emergencia econ\u00f3mica y financiera. La universidad debe aportes patronales a la AFIP, pr\u00e9stamos al banco y est\u00e1 atrasada en pagos corrientes.<\/strong><\/p>\n\n\n\n<figure class=\"wp-block-image size-large\"><img loading=\"lazy\" decoding=\"async\" width=\"1024\" height=\"575\" src=\"http:\/\/lavozpuntana.com\/wp-content\/uploads\/2023\/11\/1696336473253-1-1024x575.jpg\" alt=\"\" class=\"wp-image-10977\" srcset=\"https:\/\/lavozpuntana.com\/wp-content\/uploads\/2023\/11\/1696336473253-1-1024x575.jpg 1024w, https:\/\/lavozpuntana.com\/wp-content\/uploads\/2023\/11\/1696336473253-1-300x169.jpg 300w, https:\/\/lavozpuntana.com\/wp-content\/uploads\/2023\/11\/1696336473253-1-768x432.jpg 768w, https:\/\/lavozpuntana.com\/wp-content\/uploads\/2023\/11\/1696336473253-1-800x450.jpg 800w, https:\/\/lavozpuntana.com\/wp-content\/uploads\/2023\/11\/1696336473253-1.jpg 1500w\" sizes=\"auto, (max-width: 1024px) 100vw, 1024px\" \/><\/figure>\n\n\n\n<p>Media carilla de un archivo de Excel. Ese fue el \u00fanico informe al que pudo acceder Marcelo Sosa al tomar las riendas de la Universidad Nacional de Villa Mercedes (UNViMe) hace una semana, seg\u00fan \u00e9l mismo le cont\u00f3 a El Diario. Con esa simple tabla y los pocos datos que le brind\u00f3 la gesti\u00f3n saliente, pudo escudri\u00f1ar un panorama del estado financiero de la instituci\u00f3n: un d\u00e9ficit que asciende hasta casi 220 millones de pesos.<\/p>\n\n\n\n<p>\u00abEs una situaci\u00f3n muy delicada, por eso plante\u00e9 el d\u00eda de mi asunci\u00f3n la posibilidad de declarar la emergencia econ\u00f3mica. Se ha hecho muy dif\u00edcil acceder a la informaci\u00f3n, algunas computadoras est\u00e1n en blanco y otras no estaban, directamente, y las tuvimos que rastrear\u00bb, plante\u00f3 el rector que acaba de ingresar al cargo.<\/p>\n\n\n\n<p>El abogado, docente y exministro de Educaci\u00f3n de la Provincia desminti\u00f3 las declaraciones de David Rivarola, quien asegur\u00f3 en la prensa que dejaba un super\u00e1vit de aproximadamente 283 millones de pesos al entregar el mando de la instituci\u00f3n. \u00abTenemos una diferencia de unos 500 millones con esa cuenta. Si ten\u00e9s 100 millones de deuda con la AFIP, si ten\u00e9s que tomar un pr\u00e9stamo de otros 100 millones y un aporte del banco, que es para infraestructura, es dinero que no lo pod\u00e9s contar porque hay que devolverlo. Tap\u00e1s el agujero hoy, pero el mes que viene ten\u00e9s el problema de nuevo\u00bb, manifest\u00f3.<\/p>\n\n\n\n<p>La falta de pago de aportes patronales, afirm\u00f3, es uno de los casos m\u00e1s graves, porque incluso est\u00e1 tipificado por R\u00e9gimen Penal Tributario y porque el retraso gener\u00f3 hasta el momento otros 17 millones de pesos de intereses.<\/p>\n\n\n\n<p>Sosa asegur\u00f3 que tambi\u00e9n se encontraron con otras irregularidades que pueden parecer menores, pero que suman al monto total de d\u00e9ficit. Entre ellos, enumer\u00f3 que no est\u00e1n abonadas las patentes de los veh\u00edculos de la universidad y las cargas de combustibles.<\/p>\n\n\n\n<p>\u00abUn ejemplo para tomar dimensi\u00f3n de lo que sucede es que la cisterna que protege a los sistemas no tiene nafta. En caso de que se corte la energ\u00eda, no va a funcionar\u00bb, revel\u00f3.<\/p>\n\n\n\n<p>El rector ya design\u00f3 a una persona para que realice una auditor\u00eda interna, aunque tambi\u00e9n encargar\u00e1 una externa para saber con m\u00e1s certeza cu\u00e1nto es el dinero total que adeudan. \u00abCreemos que esa cifra se va a incrementar porque esto es lo que apenas pudimos observar en esa tabla de media carilla. Vamos a hacer una circular a los proveedores para que nos digan si se les debe, pero ya han aparecido algunos cobradores\u00bb, reconoci\u00f3.<\/p>\n\n\n\n<p>Con la informaci\u00f3n sobre la mesa, evaluar\u00e1n declarar la emergencia econ\u00f3mica con el Consejo Superior, para tomar algunas decisiones que protejan el patrimonio de la casa de estudios.<\/p>\n\n\n\n<p>\u00abVamos a comenzar una etapa de mucha austeridad, porque hay gastos que no nos parecen necesarios y que son superfluos. Hemos suspendido toda nueva contrataci\u00f3n hasta que sepamos d\u00f3nde estamos parados. Nos preocupa much\u00edsimo la situaci\u00f3n porque creemos que la universidad tiene que ser seria y estar bien administrada, y nos encontramos con todo lo contrario\u00bb, denunci\u00f3 Sosa, quien tambi\u00e9n dijo que convocar\u00e1 a todos los claustros para crear un plan participativo de gobierno para los pr\u00f3ximos cuatro a\u00f1os de su gesti\u00f3n.<\/p>\n\n\n\n<p>Una de las grandes cuentas pendientes de la UNViMe est\u00e1 en la infraestructura. La falta de un edificio propio para la cursada es uno de los grandes reclamos, principalmente de los estudiantes que deben trasladarse por diferentes escuelas y sedes.<\/p>\n\n\n\n<p>La obra del campus en la zona norte est\u00e1 frenada desde hace un tiempo y lleva un 65% de avance. En las \u00faltimas semanas, fue publicado el llamado a licitaci\u00f3n para finalizar el primer m\u00f3dulo por un monto de $578.494.388,21 y un plazo de 270 d\u00edas.<\/p>\n\n\n\n<p>Sosa lament\u00f3 que los tr\u00e1mites no se hicieran con anticipaci\u00f3n. \u00abLa mala administraci\u00f3n se expres\u00f3 en la no gesti\u00f3n de much\u00edsimos proyectos, encontramos expedientes de hace 3 a\u00f1os que no enviaban al Ministerio de Educaci\u00f3n\u00bb, dijo.<\/p>\n\n\n\n<p>Fuente: El Diario de la Rep\u00fablica.<\/p>\n","protected":false},"excerpt":{"rendered":"<p>La nueva gesti\u00f3n eval\u00faa declarar la emergencia econ\u00f3mica y financiera. La universidad debe aportes patronales a la AFIP, pr\u00e9stamos al banco y est\u00e1 atrasada en pagos corrientes.<\/p>\n","protected":false},"author":4,"featured_media":10977,"comment_status":"closed","ping_status":"closed","sticky":false,"template":"","format":"standard","meta":{"footnotes":""},"categories":[4],"tags":[],"class_list":["post-10976","post","type-post","status-publish","format-standard","has-post-thumbnail","hentry","category-la-provincia"],"_links":{"self":[{"href":"https:\/\/lavozpuntana.com\/index.php?rest_route=\/wp\/v2\/posts\/10976","targetHints":{"allow":["GET"]}}],"collection":[{"href":"https:\/\/lavozpuntana.com\/index.php?rest_route=\/wp\/v2\/posts"}],"about":[{"href":"https:\/\/lavozpuntana.com\/index.php?rest_route=\/wp\/v2\/types\/post"}],"author":[{"embeddable":true,"href":"https:\/\/lavozpuntana.com\/index.php?rest_route=\/wp\/v2\/users\/4"}],"replies":[{"embeddable":true,"href":"https:\/\/lavozpuntana.com\/index.php?rest_route=%2Fwp%2Fv2%2Fcomments&post=10976"}],"version-history":[{"count":1,"href":"https:\/\/lavozpuntana.com\/index.php?rest_route=\/wp\/v2\/posts\/10976\/revisions"}],"predecessor-version":[{"id":10978,"href":"https:\/\/lavozpuntana.com\/index.php?rest_route=\/wp\/v2\/posts\/10976\/revisions\/10978"}],"wp:featuredmedia":[{"embeddable":true,"href":"https:\/\/lavozpuntana.com\/index.php?rest_route=\/wp\/v2\/media\/10977"}],"wp:attachment":[{"href":"https:\/\/lavozpuntana.com\/index.php?rest_route=%2Fwp%2Fv2%2Fmedia&parent=10976"}],"wp:term":[{"taxonomy":"category","embeddable":true,"href":"https:\/\/lavozpuntana.com\/index.php?rest_route=%2Fwp%2Fv2%2Fcategories&post=10976"},{"taxonomy":"post_tag","embeddable":true,"href":"https:\/\/lavozpuntana.com\/index.php?rest_route=%2Fwp%2Fv2%2Ftags&post=10976"}],"curies":[{"name":"wp","href":"https:\/\/api.w.org\/{rel}","templated":true}]}}