{"id":10989,"date":"2023-11-08T12:53:46","date_gmt":"2023-11-08T15:53:46","guid":{"rendered":"https:\/\/lavozpuntana.com\/?p=10989"},"modified":"2023-11-08T12:57:10","modified_gmt":"2023-11-08T15:57:10","slug":"la-unvime-se-prepara-para-celebrar-el-14-aniversario-de-su-creacion","status":"publish","type":"post","link":"https:\/\/lavozpuntana.com\/?p=10989","title":{"rendered":"LA UNVIME SE PREPARA PARA CELEBRAR EL 14\u00b0 ANIVERSARIO DE SU CREACI\u00d3N"},"content":{"rendered":"\n<figure class=\"wp-block-image size-large\"><img loading=\"lazy\" decoding=\"async\" width=\"612\" height=\"333\" src=\"http:\/\/lavozpuntana.com\/wp-content\/uploads\/2023\/11\/unvime-aniversario.png\" alt=\"\" class=\"wp-image-10990\" srcset=\"https:\/\/lavozpuntana.com\/wp-content\/uploads\/2023\/11\/unvime-aniversario.png 612w, https:\/\/lavozpuntana.com\/wp-content\/uploads\/2023\/11\/unvime-aniversario-300x163.png 300w\" sizes=\"auto, (max-width: 612px) 100vw, 612px\" \/><\/figure>\n\n\n\n<p><strong>La fecha de aprobaci\u00f3n de la ley que cre\u00f3 la Universidad Nacional de Villa Mercedes es el pr\u00f3ximo s\u00e1bado 11, por lo que se dispuso trasladar la celebraci\u00f3n al lunes 13 al mediod\u00eda, en el Aula Magna de Jun\u00edn 132.<\/strong><\/p>\n\n\n\n<p>La Universidad Nacional de Villa Mercedes se cre\u00f3 por Ley Nro. 26.542 del 11 de noviembre de 2009, promulgada de hecho el 3 de Diciembre de 2009. El comienzo operativo y de concreci\u00f3n de la organizaci\u00f3n se inici\u00f3 con la designaci\u00f3n de una Rectora Organizadora, Dra. Gladys Mar\u00eda Ciuffo, mediante decreto presidencial del 26 de Julio de 2011, momento a partir del cual se inici\u00f3 el proceso de desarrollo del Proyecto Institucional.<\/p>\n\n\n\n<p>Las autoridades de la Universidad Nacional de Villa Mercedes invitan a la comunidad al festejo del \u201cXIV Aniversario\u201d de la creaci\u00f3n esta casa de estudios, que se realizar\u00e1 el pr\u00f3ximo lunes 13 de noviembre a las 12:15 h, en el Aula Magna.<\/p>\n\n\n\n<p>En la oportunidad tendr\u00e1 lugar un conversatorio de \u201cDefensa de la Educaci\u00f3n P\u00fablica\u201d, con la participaci\u00f3n del Rector, Dr. Marcelo Sosa, y un representante de cada claustro.<\/p>\n\n\n\n<p>Desde las Secretar\u00edas General y Acad\u00e9mica se inform\u00f3 que para facilitar la asistencia a esta celebraci\u00f3n, se dispuso que la Sede Acad\u00e9mica Justo Daract tendr\u00e1 suspensi\u00f3n de actividades administrativas y acad\u00e9micas desde las 11:00 h del lunes, en tanto que para las carreras que funcionan en Villa Mercedes la medida regir\u00e1 desde las 12:00 h.<\/p>\n\n\n\n<figure class=\"wp-block-image size-large\"><img loading=\"lazy\" decoding=\"async\" width=\"576\" height=\"1024\" src=\"https:\/\/lavozpuntana.com\/wp-content\/uploads\/2023\/11\/aniversario-576x1024.jpg\" alt=\"\" class=\"wp-image-10991\" srcset=\"https:\/\/lavozpuntana.com\/wp-content\/uploads\/2023\/11\/aniversario-576x1024.jpg 576w, https:\/\/lavozpuntana.com\/wp-content\/uploads\/2023\/11\/aniversario-169x300.jpg 169w, https:\/\/lavozpuntana.com\/wp-content\/uploads\/2023\/11\/aniversario.jpg 600w\" sizes=\"auto, (max-width: 576px) 100vw, 576px\" \/><\/figure>\n\n\n\n<p><\/p>\n","protected":false},"excerpt":{"rendered":"<p>La fecha de aprobaci\u00f3n de la ley que cre\u00f3 la Universidad Nacional de Villa Mercedes es el pr\u00f3ximo s\u00e1bado 11, por lo que se dispuso trasladar la celebraci\u00f3n al lunes 13 al mediod\u00eda, en el Aula Magna de Jun\u00edn 132.<\/p>\n","protected":false},"author":4,"featured_media":10990,"comment_status":"closed","ping_status":"closed","sticky":false,"template":"","format":"standard","meta":{"footnotes":""},"categories":[4],"tags":[],"class_list":["post-10989","post","type-post","status-publish","format-standard","has-post-thumbnail","hentry","category-la-provincia"],"_links":{"self":[{"href":"https:\/\/lavozpuntana.com\/index.php?rest_route=\/wp\/v2\/posts\/10989","targetHints":{"allow":["GET"]}}],"collection":[{"href":"https:\/\/lavozpuntana.com\/index.php?rest_route=\/wp\/v2\/posts"}],"about":[{"href":"https:\/\/lavozpuntana.com\/index.php?rest_route=\/wp\/v2\/types\/post"}],"author":[{"embeddable":true,"href":"https:\/\/lavozpuntana.com\/index.php?rest_route=\/wp\/v2\/users\/4"}],"replies":[{"embeddable":true,"href":"https:\/\/lavozpuntana.com\/index.php?rest_route=%2Fwp%2Fv2%2Fcomments&post=10989"}],"version-history":[{"count":2,"href":"https:\/\/lavozpuntana.com\/index.php?rest_route=\/wp\/v2\/posts\/10989\/revisions"}],"predecessor-version":[{"id":10996,"href":"https:\/\/lavozpuntana.com\/index.php?rest_route=\/wp\/v2\/posts\/10989\/revisions\/10996"}],"wp:featuredmedia":[{"embeddable":true,"href":"https:\/\/lavozpuntana.com\/index.php?rest_route=\/wp\/v2\/media\/10990"}],"wp:attachment":[{"href":"https:\/\/lavozpuntana.com\/index.php?rest_route=%2Fwp%2Fv2%2Fmedia&parent=10989"}],"wp:term":[{"taxonomy":"category","embeddable":true,"href":"https:\/\/lavozpuntana.com\/index.php?rest_route=%2Fwp%2Fv2%2Fcategories&post=10989"},{"taxonomy":"post_tag","embeddable":true,"href":"https:\/\/lavozpuntana.com\/index.php?rest_route=%2Fwp%2Fv2%2Ftags&post=10989"}],"curies":[{"name":"wp","href":"https:\/\/api.w.org\/{rel}","templated":true}]}}