{"id":11015,"date":"2023-11-08T23:55:42","date_gmt":"2023-11-09T02:55:42","guid":{"rendered":"https:\/\/lavozpuntana.com\/?p=11015"},"modified":"2023-11-08T23:55:43","modified_gmt":"2023-11-09T02:55:43","slug":"streptococcus-pyogenes-en-lo-que-va-del-ano-hubo-5-casos-y-una-muerte-en-san-luis","status":"publish","type":"post","link":"https:\/\/lavozpuntana.com\/?p=11015","title":{"rendered":"STREPTOCOCCUS PYOGENES: EN LO QUE VA DEL A\u00d1O HUBO 5 CASOS Y UNA MUERTE EN SAN LUIS"},"content":{"rendered":"\n<p><strong>El Ministerio de Salud de la Naci\u00f3n, conducido por Carla Vizzotti, investiga los \u201cclones hipervirulentos\u201d del streptococcus pyogenes del grupo A que se registraron desde el a\u00f1o pasado por primera vez en la Argentina, ante el aumento de casos y muertes a causa de esta bacteria.<\/strong><\/p>\n\n\n\n<figure class=\"wp-block-image size-large\"><img loading=\"lazy\" decoding=\"async\" width=\"696\" height=\"435\" src=\"http:\/\/lavozpuntana.com\/wp-content\/uploads\/2023\/11\/cocuss.jpg\" alt=\"\" class=\"wp-image-11016\" srcset=\"https:\/\/lavozpuntana.com\/wp-content\/uploads\/2023\/11\/cocuss.jpg 696w, https:\/\/lavozpuntana.com\/wp-content\/uploads\/2023\/11\/cocuss-300x188.jpg 300w\" sizes=\"auto, (max-width: 696px) 100vw, 696px\" \/><\/figure>\n\n\n\n<p>\u201cPrimero se vieron casos graves en ciertos pa\u00edses como Francia o Gran Breta\u00f1a, por lo cual nosotros hicimos una alerta para que la notificaci\u00f3n en Argentina se convirtiera en obligatoria en diciembre de 2022. Con la obligatoriedad se empez\u00f3 por hacer un seguimiento para ver si hab\u00eda clones como los que circulan en Europa, que ten\u00edan mayor gravedad, que eran responsables de casos m\u00e1s virulentos\u201d, explic\u00f3 a T\u00e9lam Juan Manuel Castelli, subsecretario de Estrategias Sanitarias de la Naci\u00f3n.<\/p>\n\n\n\n<p>Luego de una alerta emitida y la ocurrencia de casos en Uruguay y distintas jurisdicciones de Argentina, se dise\u00f1\u00f3 un protocolo de vigilancia intensificada para contribuir a comprender las razones del cambio en el patr\u00f3n epidemiol\u00f3gico de ocurrencia del evento.<\/p>\n\n\n\n<p>Hasta el momento, se detectaron 478 casos en el pa\u00eds, con m\u00e1s de 70 muertes.<\/p>\n\n\n\n<p>En declaraciones a la prensa, Rodrigo Verdugo, jefe de Epidemiolog\u00eda del Ministerio de Salud de San Luis, especific\u00f3 que, en lo que va del 2023, se detectaron 5 casos en la provincia (tres en Villa Mercedes y dos en San Luis), pero ninguno est\u00e1 activo. Hubo, como consecuencia de la enfermedad, una muerte, en el mes de julio.<\/p>\n","protected":false},"excerpt":{"rendered":"<p>El Ministerio de Salud de la Naci\u00f3n, conducido por Carla Vizzotti, investiga los \u201cclones hipervirulentos\u201d del streptococcus pyogenes del grupo A que se registraron desde el a\u00f1o pasado por primera vez en la Argentina, ante el aumento de casos y muertes a causa de esta bacteria.<\/p>\n","protected":false},"author":4,"featured_media":11016,"comment_status":"closed","ping_status":"closed","sticky":false,"template":"","format":"standard","meta":{"footnotes":""},"categories":[5],"tags":[],"class_list":["post-11015","post","type-post","status-publish","format-standard","has-post-thumbnail","hentry","category-el-pais"],"_links":{"self":[{"href":"https:\/\/lavozpuntana.com\/index.php?rest_route=\/wp\/v2\/posts\/11015","targetHints":{"allow":["GET"]}}],"collection":[{"href":"https:\/\/lavozpuntana.com\/index.php?rest_route=\/wp\/v2\/posts"}],"about":[{"href":"https:\/\/lavozpuntana.com\/index.php?rest_route=\/wp\/v2\/types\/post"}],"author":[{"embeddable":true,"href":"https:\/\/lavozpuntana.com\/index.php?rest_route=\/wp\/v2\/users\/4"}],"replies":[{"embeddable":true,"href":"https:\/\/lavozpuntana.com\/index.php?rest_route=%2Fwp%2Fv2%2Fcomments&post=11015"}],"version-history":[{"count":1,"href":"https:\/\/lavozpuntana.com\/index.php?rest_route=\/wp\/v2\/posts\/11015\/revisions"}],"predecessor-version":[{"id":11017,"href":"https:\/\/lavozpuntana.com\/index.php?rest_route=\/wp\/v2\/posts\/11015\/revisions\/11017"}],"wp:featuredmedia":[{"embeddable":true,"href":"https:\/\/lavozpuntana.com\/index.php?rest_route=\/wp\/v2\/media\/11016"}],"wp:attachment":[{"href":"https:\/\/lavozpuntana.com\/index.php?rest_route=%2Fwp%2Fv2%2Fmedia&parent=11015"}],"wp:term":[{"taxonomy":"category","embeddable":true,"href":"https:\/\/lavozpuntana.com\/index.php?rest_route=%2Fwp%2Fv2%2Fcategories&post=11015"},{"taxonomy":"post_tag","embeddable":true,"href":"https:\/\/lavozpuntana.com\/index.php?rest_route=%2Fwp%2Fv2%2Ftags&post=11015"}],"curies":[{"name":"wp","href":"https:\/\/api.w.org\/{rel}","templated":true}]}}