{"id":11029,"date":"2023-11-10T15:05:25","date_gmt":"2023-11-10T18:05:25","guid":{"rendered":"https:\/\/lavozpuntana.com\/?p=11029"},"modified":"2023-11-10T15:05:26","modified_gmt":"2023-11-10T18:05:26","slug":"anularon-tres-centros-de-distribucion-de-drogas-en-la-ciudad-de-san-luis","status":"publish","type":"post","link":"https:\/\/lavozpuntana.com\/?p=11029","title":{"rendered":"ANULARON TRES CENTROS DE DISTRIBUCI\u00d3N DE DROGAS EN LA CIUDAD DE SAN LUIS"},"content":{"rendered":"\n<p><strong>Fue en sendos allanamientos. Las medidas judiciales fueron ordenadas, en las \u00faltimas horas, por el Juzgado Federal San Luis, a cargo del Doctor Juan Esteban Maqueda.<\/strong><\/p>\n\n\n\n<figure class=\"wp-block-image size-large\"><img loading=\"lazy\" decoding=\"async\" width=\"854\" height=\"533\" src=\"http:\/\/lavozpuntana.com\/wp-content\/uploads\/2023\/11\/drogacomer.png\" alt=\"\" class=\"wp-image-11030\" srcset=\"https:\/\/lavozpuntana.com\/wp-content\/uploads\/2023\/11\/drogacomer.png 854w, https:\/\/lavozpuntana.com\/wp-content\/uploads\/2023\/11\/drogacomer-300x187.png 300w, https:\/\/lavozpuntana.com\/wp-content\/uploads\/2023\/11\/drogacomer-768x479.png 768w\" sizes=\"auto, (max-width: 854px) 100vw, 854px\" \/><\/figure>\n\n\n\n<p>Los intervinientes incautaron en las viviendas: coca\u00edna, para la elaboraci\u00f3n de 196 dosis, valuada en $490.000. Marihuana para la elaboraci\u00f3n de 1.300 dosis, valuada en $ 1.700.000.<\/p>\n\n\n\n<p>\u201cLa sustancia incautada valdr\u00eda, en la venta al menudeo, $ 2.190.000\u201d, indicaron los investigadores.<\/p>\n\n\n\n<p>10 tel\u00e9fonos celulares, 2 balanzas digitales y m\u00e1s de $ 385.000 de dinero en efectivo.<\/p>\n\n\n\n<p>Los actuantes detuvieron a tres hombres de 32, 34 y 37 a\u00f1os de edad y fueron trasladados a las celdas disciplinarias de la mencionada Direcci\u00f3n General.<\/p>\n","protected":false},"excerpt":{"rendered":"<p>Fue en sendos allanamientos. Las medidas judiciales fueron ordenadas, en las \u00faltimas horas, por el Juzgado Federal San Luis, a cargo del Doctor Juan Esteban Maqueda.<\/p>\n","protected":false},"author":4,"featured_media":11030,"comment_status":"closed","ping_status":"closed","sticky":false,"template":"","format":"standard","meta":{"footnotes":""},"categories":[4],"tags":[],"class_list":["post-11029","post","type-post","status-publish","format-standard","has-post-thumbnail","hentry","category-la-provincia"],"_links":{"self":[{"href":"https:\/\/lavozpuntana.com\/index.php?rest_route=\/wp\/v2\/posts\/11029","targetHints":{"allow":["GET"]}}],"collection":[{"href":"https:\/\/lavozpuntana.com\/index.php?rest_route=\/wp\/v2\/posts"}],"about":[{"href":"https:\/\/lavozpuntana.com\/index.php?rest_route=\/wp\/v2\/types\/post"}],"author":[{"embeddable":true,"href":"https:\/\/lavozpuntana.com\/index.php?rest_route=\/wp\/v2\/users\/4"}],"replies":[{"embeddable":true,"href":"https:\/\/lavozpuntana.com\/index.php?rest_route=%2Fwp%2Fv2%2Fcomments&post=11029"}],"version-history":[{"count":1,"href":"https:\/\/lavozpuntana.com\/index.php?rest_route=\/wp\/v2\/posts\/11029\/revisions"}],"predecessor-version":[{"id":11031,"href":"https:\/\/lavozpuntana.com\/index.php?rest_route=\/wp\/v2\/posts\/11029\/revisions\/11031"}],"wp:featuredmedia":[{"embeddable":true,"href":"https:\/\/lavozpuntana.com\/index.php?rest_route=\/wp\/v2\/media\/11030"}],"wp:attachment":[{"href":"https:\/\/lavozpuntana.com\/index.php?rest_route=%2Fwp%2Fv2%2Fmedia&parent=11029"}],"wp:term":[{"taxonomy":"category","embeddable":true,"href":"https:\/\/lavozpuntana.com\/index.php?rest_route=%2Fwp%2Fv2%2Fcategories&post=11029"},{"taxonomy":"post_tag","embeddable":true,"href":"https:\/\/lavozpuntana.com\/index.php?rest_route=%2Fwp%2Fv2%2Ftags&post=11029"}],"curies":[{"name":"wp","href":"https:\/\/api.w.org\/{rel}","templated":true}]}}