{"id":11044,"date":"2023-11-13T15:37:07","date_gmt":"2023-11-13T18:37:07","guid":{"rendered":"https:\/\/lavozpuntana.com\/?p=11044"},"modified":"2023-11-13T15:37:08","modified_gmt":"2023-11-13T18:37:08","slug":"la-seleccion-argentina-inicia-la-preparacion-para-enfrentar-a-uruguay-y-brasil-con-messi-a-la-cabeza","status":"publish","type":"post","link":"https:\/\/lavozpuntana.com\/?p=11044","title":{"rendered":"LA SELECCI\u00d3N ARGENTINA INICIA LA PREPARACI\u00d3N PARA ENFRENTAR A URUGUAY Y BRASIL CON MESSI A LA CABEZA"},"content":{"rendered":"\n<p><strong>El plantel comandado por Lionel Scaloni se completar\u00e1 a lo largo de la jornada y se llevar\u00e1 a cabo el primer entrenamiento en el predio de Ezeiza.<\/strong><\/p>\n\n\n\n<figure class=\"wp-block-image size-large\"><img loading=\"lazy\" decoding=\"async\" width=\"780\" height=\"470\" src=\"http:\/\/lavozpuntana.com\/wp-content\/uploads\/2023\/11\/GettyImages-1345918823-780x470-1.jpg\" alt=\"\" class=\"wp-image-11045\" srcset=\"https:\/\/lavozpuntana.com\/wp-content\/uploads\/2023\/11\/GettyImages-1345918823-780x470-1.jpg 780w, https:\/\/lavozpuntana.com\/wp-content\/uploads\/2023\/11\/GettyImages-1345918823-780x470-1-300x181.jpg 300w, https:\/\/lavozpuntana.com\/wp-content\/uploads\/2023\/11\/GettyImages-1345918823-780x470-1-768x463.jpg 768w\" sizes=\"auto, (max-width: 780px) 100vw, 780px\" \/><figcaption>BUENOS AIRES, ARGENTINA &#8211; OCTOBER 10: Lionel Messi of Argentina controls the ball against Luis Suarez of Uruguay during a match between Argentina and Uruguay as part of South American Qualifiers for Qatar 2022 at Estadio Monumental Antonio Vespucio Liberti on October 10, 2021 in Buenos Aires, Argentina. (Photo by Marcelo Endelli\/Getty Images)<\/figcaption><\/figure>\n\n\n\n<p>La Selecci\u00f3n argentina inicia la preparaci\u00f3n para enfrentar a Uruguay y Brasil por las Eliminatorias sudamericanas rumbo al Mundial de Estados Unidos, M\u00e9xico y Canad\u00e1 2026 con el capit\u00e1n Lionel Messi a la cabeza, mientras que en la jornada se completar\u00e1 el plantel comandado por el entrenador Lionel Scaloni.<\/p>\n\n\n\n<p>Messi lleg\u00f3 este domingo al pa\u00eds proveniente de la ciudad de Miami, luego de celebrar la conquista de su octavo Bal\u00f3n de Oro con un amistoso entre el Inter y New York City, que fue derrota de su equipo por 2 a 1.<\/p>\n\n\n\n<p>Este lunes por la tarde ser\u00e1 la primera pr\u00e1ctica del seleccionado albiceleste en el predio de Ezeiza y los trabajos continuar\u00e1n martes y mi\u00e9rcoles de cara al encuentro del jueves en la Bombonera ante Uruguay, al tiempo que en el d\u00eda previo al partido tambi\u00e9n habr\u00e1 una conferencia de Scaloni.<\/p>\n\n\n\n<p>La mayor\u00eda de la n\u00f3mina de jugadores convocados por el t\u00e9cnico emprendieron o emprender\u00e1n hoy el viaje a la Argentina, luego de disputar los compromisos con sus equipos durante el fin de semana.<\/p>\n\n\n\n<p>Argentina se medir\u00e1 con Uruguay, dirigida por Marcelo Bielsa, este jueves a las 21 en el estadio de Boca y el martes 21 de noviembre visitar\u00e1 a Brasil en una nueva edici\u00f3n del cl\u00e1sico a partir de las 21:30.<\/p>\n\n\n\n<p>La siguiente es la lista completa de la Selecci\u00f3n argentina para la doble fecha de Eliminatorias sudamericanas:<\/p>\n\n\n\n<p>Arqueros: Emiliano Mart\u00ednez (Aston Villa); Franco Armani (River); Juan Musso (Atalanta) y Walter Ben\u00edtez (PSV Eindhoven).<\/p>\n\n\n\n<p>Defensores: Gonzalo Montiel (Nottingham Forest); Pablo Maffeo (Mallorca); Nahuel Molina (Atl\u00e9tico Madrid); Germ\u00e1n Pezzella (Betis); Cristian Romero (Tottenham Hotspur); Lucas Mart\u00ednez Quarta (Fiorentina); Nicol\u00e1s Otamendi (Benfica); Marcos Acu\u00f1a (Sevilla); Nicol\u00e1s Tagliafico (Olympique de Lyon) y Francisco Ortega (Olympiakos de Grecia).<\/p>\n\n\n\n<p>Mediocampistas: Leandro Paredes (Roma); Guido Rodr\u00edguez (Betis); Enzo Fern\u00e1ndez (Chelsea); Rodrigo de Paul (Atl\u00e9tico Madrid); Exequiel Palacios (Bayer 04 Leverkusen); Giovani Lo Celso (Tottenham Hotspur) y Alexis Mac Allister (Liverpool).<\/p>\n\n\n\n<p>Delanteros: Lionel Messi (Inter Miami); \u00c1ngel Di Mar\u00eda (Benfica); Juli\u00e1n \u00c1lvarez (Manchester City); Lautaro Mart\u00ednez (Inter); Paulo Dybala (Roma); Lucas Ocampos (Sevilla) y Nicol\u00e1s Gonz\u00e1lez (Fiorentina).<\/p>\n\n\n\n<p>NA<\/p>\n","protected":false},"excerpt":{"rendered":"<p>El plantel comandado por Lionel Scaloni se completar\u00e1 a lo largo de la jornada y se llevar\u00e1 a cabo el primer entrenamiento en el predio de Ezeiza.<\/p>\n","protected":false},"author":4,"featured_media":11045,"comment_status":"closed","ping_status":"closed","sticky":false,"template":"","format":"standard","meta":{"footnotes":""},"categories":[327],"tags":[],"class_list":["post-11044","post","type-post","status-publish","format-standard","has-post-thumbnail","hentry","category-deportes"],"_links":{"self":[{"href":"https:\/\/lavozpuntana.com\/index.php?rest_route=\/wp\/v2\/posts\/11044","targetHints":{"allow":["GET"]}}],"collection":[{"href":"https:\/\/lavozpuntana.com\/index.php?rest_route=\/wp\/v2\/posts"}],"about":[{"href":"https:\/\/lavozpuntana.com\/index.php?rest_route=\/wp\/v2\/types\/post"}],"author":[{"embeddable":true,"href":"https:\/\/lavozpuntana.com\/index.php?rest_route=\/wp\/v2\/users\/4"}],"replies":[{"embeddable":true,"href":"https:\/\/lavozpuntana.com\/index.php?rest_route=%2Fwp%2Fv2%2Fcomments&post=11044"}],"version-history":[{"count":1,"href":"https:\/\/lavozpuntana.com\/index.php?rest_route=\/wp\/v2\/posts\/11044\/revisions"}],"predecessor-version":[{"id":11046,"href":"https:\/\/lavozpuntana.com\/index.php?rest_route=\/wp\/v2\/posts\/11044\/revisions\/11046"}],"wp:featuredmedia":[{"embeddable":true,"href":"https:\/\/lavozpuntana.com\/index.php?rest_route=\/wp\/v2\/media\/11045"}],"wp:attachment":[{"href":"https:\/\/lavozpuntana.com\/index.php?rest_route=%2Fwp%2Fv2%2Fmedia&parent=11044"}],"wp:term":[{"taxonomy":"category","embeddable":true,"href":"https:\/\/lavozpuntana.com\/index.php?rest_route=%2Fwp%2Fv2%2Fcategories&post=11044"},{"taxonomy":"post_tag","embeddable":true,"href":"https:\/\/lavozpuntana.com\/index.php?rest_route=%2Fwp%2Fv2%2Ftags&post=11044"}],"curies":[{"name":"wp","href":"https:\/\/api.w.org\/{rel}","templated":true}]}}