{"id":11063,"date":"2023-11-14T18:29:20","date_gmt":"2023-11-14T21:29:20","guid":{"rendered":"https:\/\/lavozpuntana.com\/?p=11063"},"modified":"2023-11-14T18:29:22","modified_gmt":"2023-11-14T21:29:22","slug":"uta-advierte-por-un-posible-paro-de-transporte-para-las-elecciones-del-domingo","status":"publish","type":"post","link":"https:\/\/lavozpuntana.com\/?p=11063","title":{"rendered":"UTA ADVIERTE POR UN POSIBLE PARO DE TRANSPORTE PARA LAS ELECCIONES DEL DOMINGO"},"content":{"rendered":"\n<p><strong>Luego de suspender la medida anunciada para esta semana, la Uni\u00f3n Tranviarios Automotor (UTA) de San Luis advirti\u00f3 que podr\u00eda haber un paro en los pr\u00f3ximos d\u00edas que afectar\u00eda la prestaci\u00f3n de servicios de transporte urbanos e interurbanos para el domingo de las elecciones.<\/strong><\/p>\n\n\n\n<figure class=\"wp-block-image size-large\"><img loading=\"lazy\" decoding=\"async\" width=\"1024\" height=\"683\" src=\"http:\/\/lavozpuntana.com\/wp-content\/uploads\/2023\/11\/FB_IMG_1676555891491-1024x683.jpg\" alt=\"\" class=\"wp-image-11064\" srcset=\"https:\/\/lavozpuntana.com\/wp-content\/uploads\/2023\/11\/FB_IMG_1676555891491-1024x683.jpg 1024w, https:\/\/lavozpuntana.com\/wp-content\/uploads\/2023\/11\/FB_IMG_1676555891491-300x200.jpg 300w, https:\/\/lavozpuntana.com\/wp-content\/uploads\/2023\/11\/FB_IMG_1676555891491-768x512.jpg 768w, https:\/\/lavozpuntana.com\/wp-content\/uploads\/2023\/11\/FB_IMG_1676555891491.jpg 1080w\" sizes=\"auto, (max-width: 1024px) 100vw, 1024px\" \/><\/figure>\n\n\n\n<p>El gremio hab\u00eda planteado que exist\u00eda una diferencia salarial entre lo que percibieron los choferes del interurbano en los primeros d\u00edas de la semana pasada y lo que estableci\u00f3 la \u00faltima paritaria. Las empresas ten\u00edan hasta el viernes 10 para abonar ese faltante.<\/p>\n\n\n\n<p>A partir de una reuni\u00f3n en Relaciones Laborales, la Provincia liber\u00f3 los subsidios provinciales de septiembre y ese dinero fue utilizado por las prestatarias para pagar esa diferencia de sueldo. Por eso, el sindicato dej\u00f3 sin efecto la huelga de este lunes.<\/p>\n\n\n\n<p>Iv\u00e1n Pi\u00f1eyro, secretario general de la UTA San Luis, se\u00f1al\u00f3 que la decisi\u00f3n de las empresas del interurbano de reducir sus servicios, en reclamo por aumento de tarifas y por agilizaci\u00f3n del giro de subsidios, podr\u00eda derivar en perjuicio para los choferes.<\/p>\n\n\n\n<p>\u201cLa disminuci\u00f3n de servicios contin\u00faa y pretendemos que a ning\u00fan trabajador se le descuente ning\u00fan d\u00eda en los haberes de noviembre. Todav\u00eda no hay trabajadores suspendidos, pero se est\u00e1n otorgando las licencias de vacaciones\u201d, indic\u00f3 el sindicalista en declaraciones a medios de San Luis.<\/p>\n\n\n\n<p>En este punto, reiter\u00f3 que las empresas deben comunicar a sus trabajadores el otorgamiento de las vacaciones con 45 d\u00edas de antelaci\u00f3n. \u201cLo que vemos es que es preferible que les den vacaciones y no que los suspendan\u201d, agreg\u00f3 Pi\u00f1eyro.<\/p>\n\n\n\n<p>El gremialista pidi\u00f3 que la Secretar\u00eda de Transporte busque una soluci\u00f3n del problema de la reducci\u00f3n del transporte.<\/p>\n\n\n\n<p>\u201cVamos a comunicar a la Secretar\u00eda de Transporte que queremos que se resuelva y le damos opci\u00f3n de 72 horas si no empezaremos a aplicar nuestras medidas. Si esto no se resuelve, el domingo podr\u00eda no haber servicio de transporte y vamos a sumar al urbano de San Luis y Villa Mercedes\u201d, anticip\u00f3.<\/p>\n","protected":false},"excerpt":{"rendered":"<p>Luego de suspender la medida anunciada para esta semana, la Uni\u00f3n Tranviarios Automotor (UTA) de San Luis advirti\u00f3 que podr\u00eda haber un paro en los pr\u00f3ximos d\u00edas que afectar\u00eda la prestaci\u00f3n de servicios de transporte urbanos e interurbanos para el domingo de las elecciones.<\/p>\n","protected":false},"author":4,"featured_media":11064,"comment_status":"closed","ping_status":"closed","sticky":false,"template":"","format":"standard","meta":{"footnotes":""},"categories":[4],"tags":[],"class_list":["post-11063","post","type-post","status-publish","format-standard","has-post-thumbnail","hentry","category-la-provincia"],"_links":{"self":[{"href":"https:\/\/lavozpuntana.com\/index.php?rest_route=\/wp\/v2\/posts\/11063","targetHints":{"allow":["GET"]}}],"collection":[{"href":"https:\/\/lavozpuntana.com\/index.php?rest_route=\/wp\/v2\/posts"}],"about":[{"href":"https:\/\/lavozpuntana.com\/index.php?rest_route=\/wp\/v2\/types\/post"}],"author":[{"embeddable":true,"href":"https:\/\/lavozpuntana.com\/index.php?rest_route=\/wp\/v2\/users\/4"}],"replies":[{"embeddable":true,"href":"https:\/\/lavozpuntana.com\/index.php?rest_route=%2Fwp%2Fv2%2Fcomments&post=11063"}],"version-history":[{"count":1,"href":"https:\/\/lavozpuntana.com\/index.php?rest_route=\/wp\/v2\/posts\/11063\/revisions"}],"predecessor-version":[{"id":11065,"href":"https:\/\/lavozpuntana.com\/index.php?rest_route=\/wp\/v2\/posts\/11063\/revisions\/11065"}],"wp:featuredmedia":[{"embeddable":true,"href":"https:\/\/lavozpuntana.com\/index.php?rest_route=\/wp\/v2\/media\/11064"}],"wp:attachment":[{"href":"https:\/\/lavozpuntana.com\/index.php?rest_route=%2Fwp%2Fv2%2Fmedia&parent=11063"}],"wp:term":[{"taxonomy":"category","embeddable":true,"href":"https:\/\/lavozpuntana.com\/index.php?rest_route=%2Fwp%2Fv2%2Fcategories&post=11063"},{"taxonomy":"post_tag","embeddable":true,"href":"https:\/\/lavozpuntana.com\/index.php?rest_route=%2Fwp%2Fv2%2Ftags&post=11063"}],"curies":[{"name":"wp","href":"https:\/\/api.w.org\/{rel}","templated":true}]}}