{"id":11084,"date":"2023-11-16T01:48:41","date_gmt":"2023-11-16T04:48:41","guid":{"rendered":"https:\/\/lavozpuntana.com\/?p=11084"},"modified":"2023-11-16T01:48:43","modified_gmt":"2023-11-16T04:48:43","slug":"a-horas-de-la-visita-de-massa-a-san-luis-rodriguez-saa-anuncio-un-aumento-a-los-estatales-y-planes-sociales","status":"publish","type":"post","link":"https:\/\/lavozpuntana.com\/?p=11084","title":{"rendered":"A HORAS DE LA VISITA DE MASSA A SAN LUIS, RODR\u00cdGUEZ SA\u00c1 ANUNCI\u00d3 UN AUMENTO A LOS ESTATALES Y PLANES SOCIALES"},"content":{"rendered":"\n<p><strong>Se trata de una suba del 9% para la administraci\u00f3n p\u00fablica y los beneficiarios de Inclusi\u00f3n. Este jueves llegar\u00e1 a la provincia el ministro de Econom\u00eda para un acto en el PJ.<\/strong><\/p>\n\n\n\n<figure class=\"wp-block-image size-large\"><img loading=\"lazy\" decoding=\"async\" width=\"1024\" height=\"683\" src=\"http:\/\/lavozpuntana.com\/wp-content\/uploads\/2023\/11\/F2dplx4XUAILWQX-1024x683.jpg\" alt=\"\" class=\"wp-image-11025\" srcset=\"https:\/\/lavozpuntana.com\/wp-content\/uploads\/2023\/11\/F2dplx4XUAILWQX-1024x683.jpg 1024w, https:\/\/lavozpuntana.com\/wp-content\/uploads\/2023\/11\/F2dplx4XUAILWQX-300x200.jpg 300w, https:\/\/lavozpuntana.com\/wp-content\/uploads\/2023\/11\/F2dplx4XUAILWQX-768x512.jpg 768w, https:\/\/lavozpuntana.com\/wp-content\/uploads\/2023\/11\/F2dplx4XUAILWQX.jpg 1200w\" sizes=\"auto, (max-width: 1024px) 100vw, 1024px\" \/><\/figure>\n\n\n\n<p>A 24 horas de una nueva visita a San Luis del candidato a presidente de Uni\u00f3n por la Patria, Sergio Massa, el gobernador Alberto Rodr\u00edguez Sa\u00e1 hizo nuevos anuncios salariales para los trabajadores estatales.<\/p>\n\n\n\n<p>Fue en un acto en el Sal\u00f3n Blanco de Terrazas del Portezuelo repleto de funcionarios, militantes y gremios.<\/p>\n\n\n\n<p>A cuatro d\u00edas del balotaje presidencial, Rodr\u00edguez Sa\u00e1 anunci\u00f3 una actualizaci\u00f3n en los haberes de la administraci\u00f3n p\u00fablica provincial. La medida alcanza a docentes, personal de la salud, fuerzas de seguridad, empleados del escalaf\u00f3n general y beneficiarios de becas de la secretar\u00eda de la Juventud.<\/p>\n\n\n\n<p>En la previa a las elecciones del 22 de octubre tambi\u00e9n hubo un aumento.<\/p>\n\n\n\n<p>El gobernador tuvo como fundamento los datos del Indec y de la direcci\u00f3n provincial de Estad\u00edstica y Censos sobre la inflaci\u00f3n de octubre.<\/p>\n\n\n\n<p>\u201cHemos tomado la peor situaci\u00f3n, el 8,5%, por lo tanto anuncio un aumento salarial general para toda la administraci\u00f3n del 9%\u201d, dijo.<\/p>\n\n\n\n<p>La inflaci\u00f3n acumula 142,7% en los \u00faltimos 12 meses, el mayor registro en los \u00faltimos 32 a\u00f1os. En lo que va de este a\u00f1o, en tanto, la suba acumulada es del 120%.<\/p>\n\n\n\n<p>El anuncio se dio en un contexto donde est\u00e1 previsto que ma\u00f1ana a las 19:30 el candidato kirchnerista y ministro de Econom\u00eda de Naci\u00f3n encabece un acto de cierre de campa\u00f1a en la sede del Partido Justicialista en San Luis.<\/p>\n\n\n\n<p>Por otro lado, Rodr\u00edguez Sa\u00e1 dispuso mejoras para el personal del Servicio Penitenciario provincial porque el sector hab\u00eda quedado \u201cdescuidado\u201d.<\/p>\n\n\n\n<p>A eso sum\u00f3 que los beneficiarios de Inclusi\u00f3n Social, que trabajan en \u00e1reas del Gobierno, recibir\u00e1n el pr\u00f3ximo mes $372 mil. El resto, percibir\u00e1 un monto de $186 mil.<\/p>\n\n\n\n<p>El \u201cPlan Platita\u201d ratific\u00f3 el v\u00ednculo entre Rodr\u00edguez Sa\u00e1 y Massa, quien en el \u00faltimo tiempo visit\u00f3 la provincia en reiteradas oportunidades. La \u00faltima hab\u00eda sido el 16 de octubre (seis d\u00edas antes de los comicios generales) para anunciar un proyecto que busca convertir el PreViaje en ley.<\/p>\n\n\n\n<p>Fuente: El Chorrillero.<\/p>\n","protected":false},"excerpt":{"rendered":"<p>Se trata de una suba del 9% para la administraci\u00f3n p\u00fablica y los beneficiarios de Inclusi\u00f3n. Este jueves llegar\u00e1 a la provincia el ministro de Econom\u00eda para un acto en el PJ.<\/p>\n","protected":false},"author":4,"featured_media":11025,"comment_status":"closed","ping_status":"closed","sticky":false,"template":"","format":"standard","meta":{"footnotes":""},"categories":[4],"tags":[],"class_list":["post-11084","post","type-post","status-publish","format-standard","has-post-thumbnail","hentry","category-la-provincia"],"_links":{"self":[{"href":"https:\/\/lavozpuntana.com\/index.php?rest_route=\/wp\/v2\/posts\/11084","targetHints":{"allow":["GET"]}}],"collection":[{"href":"https:\/\/lavozpuntana.com\/index.php?rest_route=\/wp\/v2\/posts"}],"about":[{"href":"https:\/\/lavozpuntana.com\/index.php?rest_route=\/wp\/v2\/types\/post"}],"author":[{"embeddable":true,"href":"https:\/\/lavozpuntana.com\/index.php?rest_route=\/wp\/v2\/users\/4"}],"replies":[{"embeddable":true,"href":"https:\/\/lavozpuntana.com\/index.php?rest_route=%2Fwp%2Fv2%2Fcomments&post=11084"}],"version-history":[{"count":1,"href":"https:\/\/lavozpuntana.com\/index.php?rest_route=\/wp\/v2\/posts\/11084\/revisions"}],"predecessor-version":[{"id":11085,"href":"https:\/\/lavozpuntana.com\/index.php?rest_route=\/wp\/v2\/posts\/11084\/revisions\/11085"}],"wp:featuredmedia":[{"embeddable":true,"href":"https:\/\/lavozpuntana.com\/index.php?rest_route=\/wp\/v2\/media\/11025"}],"wp:attachment":[{"href":"https:\/\/lavozpuntana.com\/index.php?rest_route=%2Fwp%2Fv2%2Fmedia&parent=11084"}],"wp:term":[{"taxonomy":"category","embeddable":true,"href":"https:\/\/lavozpuntana.com\/index.php?rest_route=%2Fwp%2Fv2%2Fcategories&post=11084"},{"taxonomy":"post_tag","embeddable":true,"href":"https:\/\/lavozpuntana.com\/index.php?rest_route=%2Fwp%2Fv2%2Ftags&post=11084"}],"curies":[{"name":"wp","href":"https:\/\/api.w.org\/{rel}","templated":true}]}}