{"id":11090,"date":"2023-11-16T02:07:52","date_gmt":"2023-11-16T05:07:52","guid":{"rendered":"https:\/\/lavozpuntana.com\/?p=11090"},"modified":"2023-11-16T02:07:53","modified_gmt":"2023-11-16T05:07:53","slug":"san-luis-en-la-cima-del-ranking-nacional-de-vacunacion-infantil","status":"publish","type":"post","link":"https:\/\/lavozpuntana.com\/?p=11090","title":{"rendered":"SAN LUIS, EN LA CIMA DEL RANKING NACIONAL DE VACUNACI\u00d3N INFANTIL"},"content":{"rendered":"\n<p><strong>La provincia de San Luis se ubica entre los primeros lugares del ranking de vacunaci\u00f3n infantil en el pa\u00eds, de acuerdo al \u00faltimo informe del Ministerio de Salud de la Naci\u00f3n.<\/strong><\/p>\n\n\n\n<figure class=\"wp-block-image size-large\"><img loading=\"lazy\" decoding=\"async\" width=\"1024\" height=\"536\" src=\"http:\/\/lavozpuntana.com\/wp-content\/uploads\/2023\/11\/vacunacion-calendario-1024x536.jpg\" alt=\"\" class=\"wp-image-11091\" srcset=\"https:\/\/lavozpuntana.com\/wp-content\/uploads\/2023\/11\/vacunacion-calendario-1024x536.jpg 1024w, https:\/\/lavozpuntana.com\/wp-content\/uploads\/2023\/11\/vacunacion-calendario-300x157.jpg 300w, https:\/\/lavozpuntana.com\/wp-content\/uploads\/2023\/11\/vacunacion-calendario-768x402.jpg 768w, https:\/\/lavozpuntana.com\/wp-content\/uploads\/2023\/11\/vacunacion-calendario.jpg 1200w\" sizes=\"auto, (max-width: 1024px) 100vw, 1024px\" \/><\/figure>\n\n\n\n<p>\u201cEste informe de Naci\u00f3n, que tuvo como cierre el 30 de octubre, muestra a San Luis primera en varias vacunas de edad escolar (11 a\u00f1os) y segundo a nivel pa\u00eds sobre 24 jurisdicciones en cobertura de Triple Bacteriana (5 a\u00f1os \u2013 Ingreso Escolar). En lo que refiere a vacunas a los 12 meses de edad, se encuentra tercera mientras que Antigripal estamos a cent\u00e9simas de ser los primeros\u201d, detall\u00f3 Rodrigo Verdugo, jefe del Programa Epidemiolog\u00eda del Ministerio de Salud puntano.<\/p>\n\n\n\n<p>El funcionario destac\u00f3 que \u201cestos indicadores muestran el gran trabajo en inmunizaci\u00f3n que se realiza en la provincia, observando distintas vacunas en distintos grupos etarios, que demuestran el alcance de las vacunas en la poblaci\u00f3n\u201d.<\/p>\n\n\n\n<p>\u201cTenemos esquemas s\u00f3lidos de vacunaci\u00f3n que se fueron perfeccionando con la pandemia. Quiero destacar la organizaci\u00f3n. Contamos con un sistema que funciona bien y lo mantenemos. La clave es ser organizados. En nuestra provincia cada hospital, cada centro de salud, tiene un \u00e1rea de cobertura. Entonces sobre ese segmento tiene una poblaci\u00f3n a cargo\u201d, complet\u00f3 Verdugo.<\/p>\n","protected":false},"excerpt":{"rendered":"<p>La provincia de San Luis se ubica entre los primeros lugares del ranking de vacunaci\u00f3n infantil en el pa\u00eds, de acuerdo al \u00faltimo informe del Ministerio de Salud de la Naci\u00f3n.<\/p>\n","protected":false},"author":4,"featured_media":11091,"comment_status":"closed","ping_status":"closed","sticky":false,"template":"","format":"standard","meta":{"footnotes":""},"categories":[4],"tags":[],"class_list":["post-11090","post","type-post","status-publish","format-standard","has-post-thumbnail","hentry","category-la-provincia"],"_links":{"self":[{"href":"https:\/\/lavozpuntana.com\/index.php?rest_route=\/wp\/v2\/posts\/11090","targetHints":{"allow":["GET"]}}],"collection":[{"href":"https:\/\/lavozpuntana.com\/index.php?rest_route=\/wp\/v2\/posts"}],"about":[{"href":"https:\/\/lavozpuntana.com\/index.php?rest_route=\/wp\/v2\/types\/post"}],"author":[{"embeddable":true,"href":"https:\/\/lavozpuntana.com\/index.php?rest_route=\/wp\/v2\/users\/4"}],"replies":[{"embeddable":true,"href":"https:\/\/lavozpuntana.com\/index.php?rest_route=%2Fwp%2Fv2%2Fcomments&post=11090"}],"version-history":[{"count":1,"href":"https:\/\/lavozpuntana.com\/index.php?rest_route=\/wp\/v2\/posts\/11090\/revisions"}],"predecessor-version":[{"id":11092,"href":"https:\/\/lavozpuntana.com\/index.php?rest_route=\/wp\/v2\/posts\/11090\/revisions\/11092"}],"wp:featuredmedia":[{"embeddable":true,"href":"https:\/\/lavozpuntana.com\/index.php?rest_route=\/wp\/v2\/media\/11091"}],"wp:attachment":[{"href":"https:\/\/lavozpuntana.com\/index.php?rest_route=%2Fwp%2Fv2%2Fmedia&parent=11090"}],"wp:term":[{"taxonomy":"category","embeddable":true,"href":"https:\/\/lavozpuntana.com\/index.php?rest_route=%2Fwp%2Fv2%2Fcategories&post=11090"},{"taxonomy":"post_tag","embeddable":true,"href":"https:\/\/lavozpuntana.com\/index.php?rest_route=%2Fwp%2Fv2%2Ftags&post=11090"}],"curies":[{"name":"wp","href":"https:\/\/api.w.org\/{rel}","templated":true}]}}