{"id":11102,"date":"2023-11-17T12:14:54","date_gmt":"2023-11-17T15:14:54","guid":{"rendered":"https:\/\/lavozpuntana.com\/?p=11102"},"modified":"2023-11-17T12:14:56","modified_gmt":"2023-11-17T15:14:56","slug":"el-concejo-aprobo-la-tarifaria-2024-con-un-46-de-aumento-el-1er-semestre-y-nuevos-pases-a-planta-permanente","status":"publish","type":"post","link":"https:\/\/lavozpuntana.com\/?p=11102","title":{"rendered":"EL CONCEJO APROB\u00d3 LA TARIFARIA 2024, CON UN 46% DE AUMENTO EL 1ER SEMESTRE, Y NUEVOS PASES A PLANTA PERMANENTE"},"content":{"rendered":"\n<p><strong>En una sesi\u00f3n de m\u00e1s de dos horas, el Concejo Deliberante aprob\u00f3 la tarifaria 2024 por unanimidad, a pesar de que cost\u00f3 lograr un consenso en las reuniones de Comisi\u00f3n, previo a la sesi\u00f3n. Adem\u00e1s, se aprob\u00f3 el pase a planta permanente de 19 empleados contratados del Concejo, por el que tanto se discuti\u00f3 hace unas semanas.<\/strong><\/p>\n\n\n\n<figure class=\"wp-block-image size-large\"><img loading=\"lazy\" decoding=\"async\" width=\"550\" height=\"419\" src=\"http:\/\/lavozpuntana.com\/wp-content\/uploads\/2023\/11\/WhatsApp-Image-2023-11-17-at-12.11.53.jpeg\" alt=\"\" class=\"wp-image-11103\" srcset=\"https:\/\/lavozpuntana.com\/wp-content\/uploads\/2023\/11\/WhatsApp-Image-2023-11-17-at-12.11.53.jpeg 550w, https:\/\/lavozpuntana.com\/wp-content\/uploads\/2023\/11\/WhatsApp-Image-2023-11-17-at-12.11.53-300x229.jpeg 300w\" sizes=\"auto, (max-width: 550px) 100vw, 550px\" \/><\/figure>\n\n\n\n<p>La disputa con respecto a la tarifaria se centr\u00f3 en que el proyecto original establec\u00eda una suba del 60% para todo 2024, contrario a lo que se ven\u00eda haciendo los \u00faltimos a\u00f1os, que era establecer un aumento por semestre, en base a la inflaci\u00f3n del a\u00f1o en curso. Tras semanas de debate en Comisi\u00f3n, se logr\u00f3 un despacho por unanimidad, logrando introducir las modificaciones propuestas por Ojeda, quien recientemente abandon\u00f3 el oficialismo, y Guillermo Araujo, el presidente del bloque Unidos por San Luis.<\/p>\n\n\n\n<p>Justamente, la principal modificaci\u00f3n fue la de volver al sistema de un aumento por semestre. De este modo, en el proyecto aprobado el d\u00eda de hoy, la UMM (unidad monetaria municipal), que es la base que se utiliza para calcular el valor de los servicios brindados por el municipio, pasar\u00e1 de los $15,87 actuales a $23,23 en el primer semestre, lo que supone un aumento del 46,37%. \u201cLo que hicimos para calcular cu\u00e1l va a ser el incremento para el primer semestre es considerar la inflaci\u00f3n del primer semestre del ejercicio 2023 y reflejarlo en ese incremento\u201d, explic\u00f3 Ojeda.<\/p>\n\n\n\n<p>Para el segundo semestre del a\u00f1o, el porcentaje no est\u00e1 definido, ya que el segundo semestre de 2023 todav\u00eda no ha concluido, pero seguramente ser\u00e1 un porcentaje considerablemente alto, teniendo en cuenta la inflaci\u00f3n de los \u00faltimos meses.<\/p>\n\n\n\n<p>Otra modificaci\u00f3n, introducida por Ojeda, fue la de aumentar los montos de facturaci\u00f3n que separan a los peque\u00f1os de los medianos contribuyentes, teniendo en cuenta el periodo inflacionario que atraviesa el pa\u00eds.<\/p>\n\n\n\n<p>Por su parte, Juan Mart\u00edn Divizia, del bloque Frente Justicialista de Todos, destac\u00f3 la voluntad pol\u00edtica que hizo posible la aprobaci\u00f3n por unanimidad del proyecto.<\/p>\n\n\n\n<p>En cuanto al resto de la sesi\u00f3n, la misma comenz\u00f3 con la aprobaci\u00f3n de la resoluci\u00f3n de presidencia para el nombramiento de 19 trabajadores contratados del Concejo Deliberante como planta permanente. Este proyecto fue aprobado por 10 votos afirmativos y uno negativo, de Ojeda. Se destac\u00f3 adem\u00e1s la ausencia de los concejales del bloque poggista Unidos por San Luis, quienes el pasado 26 de octubre adelantaron que no iban a acompa\u00f1ar el proyecto y hoy se sumaron a la sesi\u00f3n despu\u00e9s del tratamiento de este proyecto.<\/p>\n\n\n\n<p>En cuanto al voto negativo, lamentablemente no se pudo escuchar, en la transmisi\u00f3n online, la argumentaci\u00f3n de Ojeda. Por ende, La Gaceta Digital consult\u00f3 al concejal sus razones, y respondi\u00f3: \u201cSe aprob\u00f3 una resoluci\u00f3n que permite nombrar personal en planta permanente sin conocer qui\u00e9nes ser\u00e1n estas personas. Tampoco se desprende que requisitos se tendr\u00e1n en cuenta para la selecci\u00f3n del mismo\u201d. Por el lado de los dem\u00e1s bloques, no hubo ning\u00fan tipo de argumentaci\u00f3n sobre este proyecto.<\/p>\n\n\n\n<p>Otro punto destacado de la sesi\u00f3n fueron las 4 bancas j\u00f3venes que ocuparon j\u00f3venes de promociones de 4 escuelas de la ciudad. Con gran seriedad y demostrando que claramente hab\u00edan estudiado los temas que abordaron, los j\u00f3venes expresaron sus preocupaciones e ideas para mejorar la ciudad, y presentaron sus proyectos con formato de ordenanza. Los mismos fueron girados a comisi\u00f3n, donde van a ser tratados en conjunto con iniciativas similares de concejales de la ciudad. La concejala Agustina Gatto, la principal impulsora de la participaci\u00f3n de los j\u00f3venes en el Concejo, se mostr\u00f3 muy optimista de que muchos de estos proyectos puedan concretarse.<\/p>\n\n\n\n<p>Los proyectos presentados el d\u00eda de hoy fueron:<\/p>\n\n\n\n<p>\u2013 Instituto Privado San Marino: \u201cColocaci\u00f3n de baldosas podod\u00e1ctiles y adaptaci\u00f3n de la v\u00eda p\u00fablica para personas no videntes y en silla de ruedas\u201d. Pase a comisi\u00f3n de Obra P\u00fablica.<\/p>\n\n\n\n<p>\u2013 Instituto Cristo Rey: \u201cTalleres de autoconocimiento e introducci\u00f3n a la vida universitaria y laboral\u201d. Pase a comisi\u00f3n de Cultura y Juventud.<\/p>\n\n\n\n<p>\u2013 Escuela N\u00b0313 Rosario Mercedes Sim\u00f3n: \u201cRealizaci\u00f3n de talleres de concientizaci\u00f3n sobre el cuidado del medio ambiente\u201d. Pase a comisi\u00f3n de Salud.<\/p>\n\n\n\n<p>\u2013 Escuela T\u00e9cnica N\u00b05 Ingeniero \u00c1lvarez Condarco: \u201cRealizaci\u00f3n de talleres de lengua de se\u00f1as y braille en el \u00e1mbito de la Ciudad\u201d. Pase a la comisi\u00f3n de Cultura.<\/p>\n\n\n\n<p>Fuente: La Gaceta Digital.<\/p>\n","protected":false},"excerpt":{"rendered":"<p>En una sesi\u00f3n de m\u00e1s de dos horas, el Concejo Deliberante aprob\u00f3 la tarifaria 2024 por unanimidad, a pesar de que cost\u00f3 lograr un consenso en las reuniones de Comisi\u00f3n, previo a la sesi\u00f3n. Adem\u00e1s, se aprob\u00f3 el pase a planta permanente de 19 empleados contratados del Concejo, por el que tanto se discuti\u00f3 hace unas semanas.<\/p>\n","protected":false},"author":4,"featured_media":11103,"comment_status":"closed","ping_status":"closed","sticky":false,"template":"","format":"standard","meta":{"footnotes":""},"categories":[4],"tags":[],"class_list":["post-11102","post","type-post","status-publish","format-standard","has-post-thumbnail","hentry","category-la-provincia"],"_links":{"self":[{"href":"https:\/\/lavozpuntana.com\/index.php?rest_route=\/wp\/v2\/posts\/11102","targetHints":{"allow":["GET"]}}],"collection":[{"href":"https:\/\/lavozpuntana.com\/index.php?rest_route=\/wp\/v2\/posts"}],"about":[{"href":"https:\/\/lavozpuntana.com\/index.php?rest_route=\/wp\/v2\/types\/post"}],"author":[{"embeddable":true,"href":"https:\/\/lavozpuntana.com\/index.php?rest_route=\/wp\/v2\/users\/4"}],"replies":[{"embeddable":true,"href":"https:\/\/lavozpuntana.com\/index.php?rest_route=%2Fwp%2Fv2%2Fcomments&post=11102"}],"version-history":[{"count":1,"href":"https:\/\/lavozpuntana.com\/index.php?rest_route=\/wp\/v2\/posts\/11102\/revisions"}],"predecessor-version":[{"id":11104,"href":"https:\/\/lavozpuntana.com\/index.php?rest_route=\/wp\/v2\/posts\/11102\/revisions\/11104"}],"wp:featuredmedia":[{"embeddable":true,"href":"https:\/\/lavozpuntana.com\/index.php?rest_route=\/wp\/v2\/media\/11103"}],"wp:attachment":[{"href":"https:\/\/lavozpuntana.com\/index.php?rest_route=%2Fwp%2Fv2%2Fmedia&parent=11102"}],"wp:term":[{"taxonomy":"category","embeddable":true,"href":"https:\/\/lavozpuntana.com\/index.php?rest_route=%2Fwp%2Fv2%2Fcategories&post=11102"},{"taxonomy":"post_tag","embeddable":true,"href":"https:\/\/lavozpuntana.com\/index.php?rest_route=%2Fwp%2Fv2%2Ftags&post=11102"}],"curies":[{"name":"wp","href":"https:\/\/api.w.org\/{rel}","templated":true}]}}