{"id":11114,"date":"2023-11-21T14:38:14","date_gmt":"2023-11-21T17:38:14","guid":{"rendered":"https:\/\/lavozpuntana.com\/?p=11114"},"modified":"2023-11-21T14:38:15","modified_gmt":"2023-11-21T17:38:15","slug":"fin-de-semana-largo-por-el-balotaje-cayo-un-365-la-cantidad-de-turistas-que-se-trasladaron-por-el-pais","status":"publish","type":"post","link":"https:\/\/lavozpuntana.com\/?p=11114","title":{"rendered":"FIN DE SEMANA LARGO: POR EL BALOTAJE CAY\u00d3 UN 36,5% LA CANTIDAD DE TURISTAS QUE SE TRASLADARON POR EL PA\u00cdS"},"content":{"rendered":"\n<p><strong>La cantidad de turistas para esta fecha ven\u00eda en franco ascenso, pero las elecciones presidenciales entre Javier Milei y Sergio Massa le pusieron un freno.<\/strong><\/p>\n\n\n\n<figure class=\"wp-block-image size-large\"><img loading=\"lazy\" decoding=\"async\" width=\"1024\" height=\"680\" src=\"http:\/\/lavozpuntana.com\/wp-content\/uploads\/2023\/11\/merlo-turismo-1024x680.jpg\" alt=\"\" class=\"wp-image-11115\" srcset=\"https:\/\/lavozpuntana.com\/wp-content\/uploads\/2023\/11\/merlo-turismo-1024x680.jpg 1024w, https:\/\/lavozpuntana.com\/wp-content\/uploads\/2023\/11\/merlo-turismo-300x199.jpg 300w, https:\/\/lavozpuntana.com\/wp-content\/uploads\/2023\/11\/merlo-turismo-768x510.jpg 768w, https:\/\/lavozpuntana.com\/wp-content\/uploads\/2023\/11\/merlo-turismo.jpg 1280w\" sizes=\"auto, (max-width: 1024px) 100vw, 1024px\" \/><\/figure>\n\n\n\n<p>Un total de 910.012 turistas se trasladaron por todo el pa\u00eds durante el fin de semana largo por el feriado del D\u00eda de la Soberan\u00eda Nacional, aunque cay\u00f3 un 36,5 por ciento la cantidad de viajeros en comparaci\u00f3n con igual fecha del a\u00f1o pasado, seg\u00fan inform\u00f3 este lunes la Confederaci\u00f3n Argentina de la Mediana Empresa (CAME).<\/p>\n\n\n\n<p>El descenso de viajeros se debi\u00f3 a que optaron por quedarse en sus casas porque el domingo 19 de noviembre se llev\u00f3 a cabo el balotaje presidencial.<\/p>\n\n\n\n<p>En ese sentido, la cantidad de turistas para esta fecha ven\u00eda en franco ascenso, pero las elecciones presidenciales entre Javier Milei y Sergio Massa le pusieron un freno.<\/p>\n\n\n\n<p>En 2017 se trasladaron para este fin de semana largo 1.005.600 personas, mientras que para 2018 fueron 1.000.000 y en 2019, 1.100.000.<\/p>\n\n\n\n<p>En 2020 estuvo todo frenado por la pandemia de Covid-19, en 2021 se reactiv\u00f3 y hubo 1.390.000 turistas, al tiempo que el a\u00f1o pasado se trasladaron 1.433.090 viajeros.<\/p>\n\n\n\n<p>Por el fin de semana largo, se movieron 910.012 personas que gastaron 43.378 millones de pesos, al tiempo que la estad\u00eda promedio fue de 1,6 d\u00edas porque la mayor\u00eda de los turistas nacionales optaron por destinos cercanos para regresar el domingo a votar.<\/p>\n\n\n\n<p>Frente al mismo fin de semana del a\u00f1o pasado, viaj\u00f3 un 36,5% menos de turistas y el impacto econ\u00f3mico tuvo una ca\u00edda real de 32,3%, precis\u00f3 la CAMe, al tiempo que sostuvo que hubo muchas cancelaciones de viajes desde octubre, tras conocerse que habr\u00eda balotaje.<\/p>\n\n\n\n<p>El resultado fue muy dispar entre localidades: en muchas ciudades de la Patagonia y Cuyo, unos 130 mil turistas internacionales, en total, colmaron las plazas hoteleras y para-hoteleras.<\/p>\n\n\n\n<p>En Capital Federal tambi\u00e9n se pudo observar la presencia de visitantes extranjeros en bares, centros comerciales, y espacios p\u00fablicos.<\/p>\n\n\n\n<p>El turista nacional cort\u00f3 su fin de semana en dos: los que se movilizaron de viernes a domingo, y en algunos casos incluso desde el jueves, y los que votaron temprano el domingo y viajaron a disfrutar hasta el lunes.<\/p>\n\n\n\n<p>\u00abNo falt\u00f3 el `turista electoral`, es decir, el que se traslad\u00f3 a votar a la ciudad donde tiene su domicilio y permaneci\u00f3 hasta hoy lunes. En general, se alojaron en casas propias, de familiares o amigos, sin ocupar plazas hoteleras\u00bb, precis\u00f3 la CAME.<\/p>\n\n\n\n<p>Los turistas gastaron, en promedio, 29.065 pesos diarios cada uno, y la estad\u00eda media fue 1,64 d\u00edas.<\/p>\n\n\n\n<p>El tiempo fue mayormente bueno, con sol, nubes y temperaturas primaverales que permitieron recorrer la naturaleza, playas, termas y espacios recreativos. Algunas de las ciudades m\u00e1s concurridas fueron Bariloche, Ushuaia, Puerto Madryn, Mendoza y Puerto Iguaz\u00fa.<\/p>\n\n\n\n<p>En lo que va del a\u00f1o ya van nueve fines de semana largos, donde viajaron 14,2 millones de turistas y gastaron 601 mil millones de pesos.<\/p>\n\n\n\n<p>Fuente: Noticias Argentinas<\/p>\n","protected":false},"excerpt":{"rendered":"<p>La cantidad de turistas para esta fecha ven\u00eda en franco ascenso, pero las elecciones presidenciales entre Javier Milei y Sergio Massa le pusieron un freno.<\/p>\n","protected":false},"author":4,"featured_media":11115,"comment_status":"closed","ping_status":"closed","sticky":false,"template":"","format":"standard","meta":{"footnotes":""},"categories":[5],"tags":[],"class_list":["post-11114","post","type-post","status-publish","format-standard","has-post-thumbnail","hentry","category-el-pais"],"_links":{"self":[{"href":"https:\/\/lavozpuntana.com\/index.php?rest_route=\/wp\/v2\/posts\/11114","targetHints":{"allow":["GET"]}}],"collection":[{"href":"https:\/\/lavozpuntana.com\/index.php?rest_route=\/wp\/v2\/posts"}],"about":[{"href":"https:\/\/lavozpuntana.com\/index.php?rest_route=\/wp\/v2\/types\/post"}],"author":[{"embeddable":true,"href":"https:\/\/lavozpuntana.com\/index.php?rest_route=\/wp\/v2\/users\/4"}],"replies":[{"embeddable":true,"href":"https:\/\/lavozpuntana.com\/index.php?rest_route=%2Fwp%2Fv2%2Fcomments&post=11114"}],"version-history":[{"count":1,"href":"https:\/\/lavozpuntana.com\/index.php?rest_route=\/wp\/v2\/posts\/11114\/revisions"}],"predecessor-version":[{"id":11116,"href":"https:\/\/lavozpuntana.com\/index.php?rest_route=\/wp\/v2\/posts\/11114\/revisions\/11116"}],"wp:featuredmedia":[{"embeddable":true,"href":"https:\/\/lavozpuntana.com\/index.php?rest_route=\/wp\/v2\/media\/11115"}],"wp:attachment":[{"href":"https:\/\/lavozpuntana.com\/index.php?rest_route=%2Fwp%2Fv2%2Fmedia&parent=11114"}],"wp:term":[{"taxonomy":"category","embeddable":true,"href":"https:\/\/lavozpuntana.com\/index.php?rest_route=%2Fwp%2Fv2%2Fcategories&post=11114"},{"taxonomy":"post_tag","embeddable":true,"href":"https:\/\/lavozpuntana.com\/index.php?rest_route=%2Fwp%2Fv2%2Ftags&post=11114"}],"curies":[{"name":"wp","href":"https:\/\/api.w.org\/{rel}","templated":true}]}}