{"id":11117,"date":"2023-11-22T01:14:29","date_gmt":"2023-11-22T04:14:29","guid":{"rendered":"https:\/\/lavozpuntana.com\/?p=11117"},"modified":"2023-11-22T01:14:30","modified_gmt":"2023-11-22T04:14:30","slug":"enojo-y-preocupacion-en-potrero-de-los-funes-porque-el-gobierno-de-rodriguez-saa-no-soluciono-el-problema-del-agua","status":"publish","type":"post","link":"https:\/\/lavozpuntana.com\/?p=11117","title":{"rendered":"ENOJO Y PREOCUPACI\u00d3N EN POTRERO DE LOS FUNES PORQUE EL GOBIERNO DE RODR\u00cdGUEZ SA\u00c1 NO SOLUCION\u00d3 EL PROBLEMA DEL AGUA"},"content":{"rendered":"\n<p><strong>A pocas semanas del inicio de la temporada tur\u00edstica, la localidad atraviesa una compleja coyuntura h\u00eddrica. Las advertencias previas, el ocultamiento de informaci\u00f3n p\u00fablica y el escenario a futuro.<\/strong><\/p>\n\n\n\n<figure class=\"wp-block-image size-large\"><img loading=\"lazy\" decoding=\"async\" width=\"1024\" height=\"681\" src=\"http:\/\/lavozpuntana.com\/wp-content\/uploads\/2023\/11\/DSC9381-scaled-1-1024x681.jpg\" alt=\"\" class=\"wp-image-11118\" srcset=\"https:\/\/lavozpuntana.com\/wp-content\/uploads\/2023\/11\/DSC9381-scaled-1-1024x681.jpg 1024w, https:\/\/lavozpuntana.com\/wp-content\/uploads\/2023\/11\/DSC9381-scaled-1-300x200.jpg 300w, https:\/\/lavozpuntana.com\/wp-content\/uploads\/2023\/11\/DSC9381-scaled-1-768x511.jpg 768w, https:\/\/lavozpuntana.com\/wp-content\/uploads\/2023\/11\/DSC9381-scaled-1-1536x1022.jpg 1536w, https:\/\/lavozpuntana.com\/wp-content\/uploads\/2023\/11\/DSC9381-scaled-1-2048x1362.jpg 2048w\" sizes=\"auto, (max-width: 1024px) 100vw, 1024px\" \/><\/figure>\n\n\n\n<p>Potrero de los Funes atraviesa desde hace un largo tiempo un grave problema h\u00eddrico como consecuencia de la prolongada sequ\u00eda que asecha a la regi\u00f3n y la falta de previsi\u00f3n en obras.<\/p>\n\n\n\n<p>Hay indignaci\u00f3n y preocupaci\u00f3n en la localidad porque est\u00e1 a punto de comenzar la temporada en un contexto que ya es cr\u00edtico. Lo que ya ocurre complica los planes del sector tur\u00edstico.<\/p>\n\n\n\n<p>El suministro del recurso se ve recortado por estos d\u00edas a unas ocho horas y se encuentra sectorizado por zonas, la oeste y la este. Los vecinos conviven con el drama.<\/p>\n\n\n\n<p>A ello se le suma que la actual planta potabilizadora, ubicada camino a El Volc\u00e1n, funciona a una fracci\u00f3n de tu totalidad. Dos de los tres motores se encuentran en reparaci\u00f3n y el restante solo trabaja a la mitad de su capacidad.<\/p>\n\n\n\n<p>El Gobierno de Alberto Rodr\u00edguez Sa\u00e1 termina la gesti\u00f3n en pocas semanas sin cumplir la promesa de resolverlo.<\/p>\n\n\n\n<p>Ahora los vecinos vienen enterarse que acciones que estaban previstas no se har\u00e1n.<\/p>\n\n\n\n<p>Seg\u00fan detall\u00f3 el presidente del Concejo Deliberante, Ignacio Olagaray, la planta opera entre un 30% y un 40% y tuvo en cuenta los serios inconvenientes por la infraestructura que vienen advirtiendo desde hace tiempo.<\/p>\n\n\n\n<p>\u201cEstamos llegando al pico de crisis h\u00eddrica. Esto pone en manifiesto que hubo una imprevisi\u00f3n absoluta de San Luis Agua y el Gobierno provincial por no atender una situaci\u00f3n que hace mucho fue avisada\u201d, sostuvo en declaraciones a El Chorrillero.<\/p>\n\n\n\n<p>Uno de los factores para comprender la situaci\u00f3n es que el caudal del r\u00edo Los Molles, lugar de donde se extrae el recurso, se encuentra por debajo de los registros m\u00ednimos de agua como para abastecer a toda la poblaci\u00f3n.<\/p>\n\n\n\n<p>Es as\u00ed que aparece la necesidad de llevar adelante obras de infraestructura para paliar el cuadro cr\u00edtico. Si bien los reclamos comenzaron desde el a\u00f1o pasado, hasta la fecha no se concret\u00f3 ninguna.<\/p>\n\n\n\n<p>El punto central era localizar otra fuente de suministro.<\/p>\n\n\n\n<p>\u201cNo hay forma de cubrir la demanda m\u00ednima con el caudal del r\u00edo disponible. Esto requiere necesariamente de obras que deben ser gestionadas por el municipio y deben ser encaradas por la Provincia o la Naci\u00f3n, al ser de gran dimensi\u00f3n\u201d, precis\u00f3.<\/p>\n\n\n\n<p>El concejal de Unidos por San Luis se detuvo en una obra en particular que llev\u00f3 adelante el Gobierno provincial anunciada en diciembre del 2022 y que inclu\u00eda, seg\u00fan el parte oficial, la perforaci\u00f3n en el Parque Nativo para captar agua del embalse, la puesta en valor de la planta y la mejora de la red de distribuci\u00f3n.<\/p>\n\n\n\n<p>De acuerdo al jefe del programa Infraestructura H\u00eddrica del ministerio de Obras P\u00fablicas, Fernando Yanz\u00f3n, la inversi\u00f3n alcanz\u00f3 los $600 millones y la ejecuci\u00f3n ten\u00eda un plazo de 300 d\u00edas.<\/p>\n\n\n\n<p>Tambi\u00e9n se supo que vecinos y la Cooperativa de Agua acudieron a Terrazas del Portezuelo en b\u00fasqueda de respuestas. El gerente de San Luis Agua, Nazareno Perroni les inform\u00f3 que se realizaron tres perforaciones y no tuvieron resultados.<\/p>\n\n\n\n<p>\u201cEl Gobierno se comprometi\u00f3 en hacer la obra que iba a permitir paliar el problema. Era un mejoramiento en la planta y en la captaci\u00f3n que mitigar\u00eda la situaci\u00f3n hasta encontrar la soluci\u00f3n definitiva. El problema es que hasta ahora no hay nada\u201d, agreg\u00f3 Olagaray.<\/p>\n\n\n\n<p>Una de las herramientas utilizadas en el Concejo Deliberante fue el pedido de informe. El bloque opositor impuls\u00f3 una solicitud para conocer detalles de la pol\u00edtica h\u00eddrica tanto a la Municipalidad como a San Luis Agua, aunque nunca recibieron respuestas.<\/p>\n\n\n\n<p>\u201cEl intendente (Dami\u00e1n G\u00f3mez) dijo que la obra terminaba el noviembre, lo cierto es que en el Concejo no tenemos informaci\u00f3n de las fechas, ni a quien contrato el Estado, ni los montos, nada\u201d, dijo.<\/p>\n\n\n\n<p>De esta manera, el legislador indic\u00f3 que \u201cse perdi\u00f3 tiempo y dinero mientras que la obra no est\u00e1\u201d.<\/p>\n\n\n\n<p>\u201cNo es una cuesti\u00f3n que nos sorprende, no es que Potrero creci\u00f3 de un momento a otro en un 70% la poblaci\u00f3n y de repente no alcanza el agua, hace a\u00f1os se plantea esto. Vemos desinter\u00e9s de los funcionarios. Estamos a 20 d\u00edas de que comience la temporada, y hay un problema grav\u00edsimo\u201d, asever\u00f3 Olagaray.<\/p>\n\n\n\n<p>Y complet\u00f3: \u201cEs parte del plan. Es \u2018destrocemos la provincia, incendi\u00e9mosla, que reviente como sea que total viene otro y lo arregle\u2019. No tiene otra explicaci\u00f3n porque todo este panorama se advirti\u00f3 y no lo hicieron. No les importa. El problema tiene su complejidad. Necesariamente necesitamos que la poblaci\u00f3n comprenda que tomar\u00e1 tiempo y que debemos programar las obras que se requieren\u201d.<\/p>\n\n\n\n<p>Con informaci\u00f3n de El Chorrillero.<\/p>\n","protected":false},"excerpt":{"rendered":"<p>A pocas semanas del inicio de la temporada tur\u00edstica, la localidad atraviesa una compleja coyuntura h\u00eddrica. Las advertencias previas, el ocultamiento de informaci\u00f3n p\u00fablica y el escenario a futuro.<\/p>\n","protected":false},"author":4,"featured_media":11118,"comment_status":"closed","ping_status":"closed","sticky":false,"template":"","format":"standard","meta":{"footnotes":""},"categories":[4],"tags":[],"class_list":["post-11117","post","type-post","status-publish","format-standard","has-post-thumbnail","hentry","category-la-provincia"],"_links":{"self":[{"href":"https:\/\/lavozpuntana.com\/index.php?rest_route=\/wp\/v2\/posts\/11117","targetHints":{"allow":["GET"]}}],"collection":[{"href":"https:\/\/lavozpuntana.com\/index.php?rest_route=\/wp\/v2\/posts"}],"about":[{"href":"https:\/\/lavozpuntana.com\/index.php?rest_route=\/wp\/v2\/types\/post"}],"author":[{"embeddable":true,"href":"https:\/\/lavozpuntana.com\/index.php?rest_route=\/wp\/v2\/users\/4"}],"replies":[{"embeddable":true,"href":"https:\/\/lavozpuntana.com\/index.php?rest_route=%2Fwp%2Fv2%2Fcomments&post=11117"}],"version-history":[{"count":1,"href":"https:\/\/lavozpuntana.com\/index.php?rest_route=\/wp\/v2\/posts\/11117\/revisions"}],"predecessor-version":[{"id":11119,"href":"https:\/\/lavozpuntana.com\/index.php?rest_route=\/wp\/v2\/posts\/11117\/revisions\/11119"}],"wp:featuredmedia":[{"embeddable":true,"href":"https:\/\/lavozpuntana.com\/index.php?rest_route=\/wp\/v2\/media\/11118"}],"wp:attachment":[{"href":"https:\/\/lavozpuntana.com\/index.php?rest_route=%2Fwp%2Fv2%2Fmedia&parent=11117"}],"wp:term":[{"taxonomy":"category","embeddable":true,"href":"https:\/\/lavozpuntana.com\/index.php?rest_route=%2Fwp%2Fv2%2Fcategories&post=11117"},{"taxonomy":"post_tag","embeddable":true,"href":"https:\/\/lavozpuntana.com\/index.php?rest_route=%2Fwp%2Fv2%2Ftags&post=11117"}],"curies":[{"name":"wp","href":"https:\/\/api.w.org\/{rel}","templated":true}]}}