{"id":11150,"date":"2023-11-24T01:42:35","date_gmt":"2023-11-24T04:42:35","guid":{"rendered":"https:\/\/lavozpuntana.com\/?p=11150"},"modified":"2023-11-24T01:42:37","modified_gmt":"2023-11-24T04:42:37","slug":"patricia-bullrich-fue-confirmada-como-ministra-de-seguridad-de-javier-milei","status":"publish","type":"post","link":"https:\/\/lavozpuntana.com\/?p=11150","title":{"rendered":"PATRICIA BULLRICH FUE CONFIRMADA COMO MINISTRA DE SEGURIDAD DE JAVIER MILEI"},"content":{"rendered":"\n<p><strong>Patricia Bullrich acept\u00f3 el ofrecimiento de Javier Milei y volver\u00e1 a ser ministra de Seguridad a partir del 10 de diciembre. Ya estuvo al frente de la cartera durante el gobierno de Mauricio Macri entre el 2015 y 2017.<\/strong><\/p>\n\n\n\n<figure class=\"wp-block-image size-large\"><img loading=\"lazy\" decoding=\"async\" width=\"655\" height=\"368\" src=\"http:\/\/lavozpuntana.com\/wp-content\/uploads\/2023\/11\/pato.jpg\" alt=\"\" class=\"wp-image-11151\" srcset=\"https:\/\/lavozpuntana.com\/wp-content\/uploads\/2023\/11\/pato.jpg 655w, https:\/\/lavozpuntana.com\/wp-content\/uploads\/2023\/11\/pato-300x169.jpg 300w\" sizes=\"auto, (max-width: 655px) 100vw, 655px\" \/><\/figure>\n\n\n\n<p>La presidenta del PRO acompa\u00f1\u00f3 al liberal en el \u00faltimo tramo de la campa\u00f1a de cara al balotaje y se sumar\u00e1 al gabinete del Gobierno durante la pr\u00f3xima gesti\u00f3n.<\/p>\n\n\n\n<p>Luego de semanas de incertidumbre por el rol que podr\u00eda tener Bullrich en el gobierno de Milei, desde La Libertad Avanza confirmaron que quedar\u00e1 a estar a cargo del Ministerio de Seguridad, a pesar de que la propia excandidata de Juntos por el Cambio hab\u00eda afirmado que no quer\u00eda volver a un lugar en el que ya estuvo.<\/p>\n\n\n\n<p>\u201cSi vos me pregunt\u00e1s si me gustar\u00eda volver a un lugar en el que ya estuve, te digo que no es lo que m\u00e1s me gusta. Uno cuando ya estuvo en un lugar no se si es lo mejor volver\u201d, hab\u00eda expresado este lunes en una entrevista en TN. Sin embargo, en esa misma charla aclar\u00f3 que \u201chablando las cosas, uno se puede entender\u201d, y finalmente volver\u00e1 a Seguridad.<\/p>\n\n\n\n<p>Anuncios en el gabinete de Javier Milei<\/p>\n\n\n\n<p>Con la llegada de Bullrich al gabinete, ya son seis los ministros confirmados para el gobierno de Javier Milei. Resta definir si Luis Caputo quedar\u00e1 al frente de la cartera de Econom\u00eda.<\/p>\n\n\n\n<p>Mariano C\u00faneo Libarona ser\u00e1 el ministro de Justicia, Diana Mondino ser\u00e1 la Canciller, Sandra Petovello quedar\u00e1 al frente del Ministerio de Capital Humano, Guillermo Ferraro comandar\u00e1 el \u00e1rea de infraestructura y Guillermo Francos ser\u00e1 ministro del Interior.<\/p>\n\n\n\n<p>Fuente: \u00c1mbito<\/p>\n","protected":false},"excerpt":{"rendered":"<p>Patricia Bullrich acept\u00f3 el ofrecimiento de Javier Milei y volver\u00e1 a ser ministra de Seguridad a partir del 10 de diciembre. Ya estuvo al frente de la cartera durante el gobierno de Mauricio Macri entre el 2015 y 2017.<\/p>\n","protected":false},"author":4,"featured_media":11151,"comment_status":"closed","ping_status":"closed","sticky":false,"template":"","format":"standard","meta":{"footnotes":""},"categories":[5],"tags":[],"class_list":["post-11150","post","type-post","status-publish","format-standard","has-post-thumbnail","hentry","category-el-pais"],"_links":{"self":[{"href":"https:\/\/lavozpuntana.com\/index.php?rest_route=\/wp\/v2\/posts\/11150","targetHints":{"allow":["GET"]}}],"collection":[{"href":"https:\/\/lavozpuntana.com\/index.php?rest_route=\/wp\/v2\/posts"}],"about":[{"href":"https:\/\/lavozpuntana.com\/index.php?rest_route=\/wp\/v2\/types\/post"}],"author":[{"embeddable":true,"href":"https:\/\/lavozpuntana.com\/index.php?rest_route=\/wp\/v2\/users\/4"}],"replies":[{"embeddable":true,"href":"https:\/\/lavozpuntana.com\/index.php?rest_route=%2Fwp%2Fv2%2Fcomments&post=11150"}],"version-history":[{"count":1,"href":"https:\/\/lavozpuntana.com\/index.php?rest_route=\/wp\/v2\/posts\/11150\/revisions"}],"predecessor-version":[{"id":11152,"href":"https:\/\/lavozpuntana.com\/index.php?rest_route=\/wp\/v2\/posts\/11150\/revisions\/11152"}],"wp:featuredmedia":[{"embeddable":true,"href":"https:\/\/lavozpuntana.com\/index.php?rest_route=\/wp\/v2\/media\/11151"}],"wp:attachment":[{"href":"https:\/\/lavozpuntana.com\/index.php?rest_route=%2Fwp%2Fv2%2Fmedia&parent=11150"}],"wp:term":[{"taxonomy":"category","embeddable":true,"href":"https:\/\/lavozpuntana.com\/index.php?rest_route=%2Fwp%2Fv2%2Fcategories&post=11150"},{"taxonomy":"post_tag","embeddable":true,"href":"https:\/\/lavozpuntana.com\/index.php?rest_route=%2Fwp%2Fv2%2Ftags&post=11150"}],"curies":[{"name":"wp","href":"https:\/\/api.w.org\/{rel}","templated":true}]}}