{"id":11240,"date":"2023-12-05T00:02:33","date_gmt":"2023-12-05T03:02:33","guid":{"rendered":"https:\/\/lavozpuntana.com\/?p=11240"},"modified":"2023-12-05T00:02:34","modified_gmt":"2023-12-05T03:02:34","slug":"claudio-poggi-asumira-como-gobernador-el-proximo-10-de-diciembre","status":"publish","type":"post","link":"https:\/\/lavozpuntana.com\/?p=11240","title":{"rendered":"CLAUDIO POGGI ASUMIR\u00c1 COMO GOBERNADOR EL PR\u00d3XIMO 10 DE DICIEMBRE"},"content":{"rendered":"\n<p><strong>El gobernador electo de San Luis, Claudio Poggi, prestar\u00e1 juramento en la Legislatura Provincial el pr\u00f3ximo 10 de diciembre a las 09.30, que dar\u00e1 inicio a su segundo mandato.<\/strong><\/p>\n\n\n\n<figure class=\"wp-block-image size-large\"><img loading=\"lazy\" decoding=\"async\" width=\"957\" height=\"811\" src=\"http:\/\/lavozpuntana.com\/wp-content\/uploads\/2023\/12\/poggi-1.jpg\" alt=\"\" class=\"wp-image-11241\" srcset=\"https:\/\/lavozpuntana.com\/wp-content\/uploads\/2023\/12\/poggi-1.jpg 957w, https:\/\/lavozpuntana.com\/wp-content\/uploads\/2023\/12\/poggi-1-300x254.jpg 300w, https:\/\/lavozpuntana.com\/wp-content\/uploads\/2023\/12\/poggi-1-768x651.jpg 768w\" sizes=\"auto, (max-width: 957px) 100vw, 957px\" \/><\/figure>\n\n\n\n<p>El primer per\u00edodo de Poggi fue en el 2011 hasta el 2015 cuando pertenec\u00eda al oficialismo liderado por el actual gobernador, Alberto Rodr\u00edguez Sa\u00e1.<\/p>\n\n\n\n<p>Poggi fue elegido gobernador en los comicios provinciales del pasado 11 de junio cuando se impuso con el 52,9% de los votos.<\/p>\n\n\n\n<p>Adem\u00e1s, invit\u00f3 a los ciudadanos a un acto en Terrazas del Portezuelo tras su asunci\u00f3n el mismo domingo a las 12.00.<\/p>\n","protected":false},"excerpt":{"rendered":"<p>El gobernador electo de San Luis, Claudio Poggi, prestar\u00e1 juramento en la Legislatura Provincial el pr\u00f3ximo 10 de diciembre a las 09.30, que dar\u00e1 inicio a su segundo mandato.<\/p>\n","protected":false},"author":4,"featured_media":11241,"comment_status":"closed","ping_status":"closed","sticky":false,"template":"","format":"standard","meta":{"footnotes":""},"categories":[4],"tags":[],"class_list":["post-11240","post","type-post","status-publish","format-standard","has-post-thumbnail","hentry","category-la-provincia"],"_links":{"self":[{"href":"https:\/\/lavozpuntana.com\/index.php?rest_route=\/wp\/v2\/posts\/11240","targetHints":{"allow":["GET"]}}],"collection":[{"href":"https:\/\/lavozpuntana.com\/index.php?rest_route=\/wp\/v2\/posts"}],"about":[{"href":"https:\/\/lavozpuntana.com\/index.php?rest_route=\/wp\/v2\/types\/post"}],"author":[{"embeddable":true,"href":"https:\/\/lavozpuntana.com\/index.php?rest_route=\/wp\/v2\/users\/4"}],"replies":[{"embeddable":true,"href":"https:\/\/lavozpuntana.com\/index.php?rest_route=%2Fwp%2Fv2%2Fcomments&post=11240"}],"version-history":[{"count":1,"href":"https:\/\/lavozpuntana.com\/index.php?rest_route=\/wp\/v2\/posts\/11240\/revisions"}],"predecessor-version":[{"id":11242,"href":"https:\/\/lavozpuntana.com\/index.php?rest_route=\/wp\/v2\/posts\/11240\/revisions\/11242"}],"wp:featuredmedia":[{"embeddable":true,"href":"https:\/\/lavozpuntana.com\/index.php?rest_route=\/wp\/v2\/media\/11241"}],"wp:attachment":[{"href":"https:\/\/lavozpuntana.com\/index.php?rest_route=%2Fwp%2Fv2%2Fmedia&parent=11240"}],"wp:term":[{"taxonomy":"category","embeddable":true,"href":"https:\/\/lavozpuntana.com\/index.php?rest_route=%2Fwp%2Fv2%2Fcategories&post=11240"},{"taxonomy":"post_tag","embeddable":true,"href":"https:\/\/lavozpuntana.com\/index.php?rest_route=%2Fwp%2Fv2%2Ftags&post=11240"}],"curies":[{"name":"wp","href":"https:\/\/api.w.org\/{rel}","templated":true}]}}