{"id":11264,"date":"2023-12-07T00:13:46","date_gmt":"2023-12-07T03:13:46","guid":{"rendered":"https:\/\/lavozpuntana.com\/?p=11264"},"modified":"2023-12-07T00:13:47","modified_gmt":"2023-12-07T03:13:47","slug":"javier-milei-confirmo-la-continuidad-de-otro-actual-funcionario-durante-su-gestion","status":"publish","type":"post","link":"https:\/\/lavozpuntana.com\/?p=11264","title":{"rendered":"JAVIER MILEI CONFIRM\u00d3 LA CONTINUIDAD DE OTRO ACTUAL FUNCIONARIO DURANTE SU GESTI\u00d3N"},"content":{"rendered":"\n<p><strong>El presidente electo Javier Milei, est\u00e1 a d\u00edas de asumir y contin\u00faa completando sus equipos de gesti\u00f3n. En las \u00faltimas horas de la tarde del mi\u00e9rcoles, la Oficina del Presidente Electo, confirm\u00f3 la continuidad de uno de los funcionarios de Alberto Fern\u00e1ndez.<\/strong><\/p>\n\n\n\n<figure class=\"wp-block-image size-large\"><img loading=\"lazy\" decoding=\"async\" width=\"870\" height=\"536\" src=\"http:\/\/lavozpuntana.com\/wp-content\/uploads\/2023\/12\/milei-min-1.png\" alt=\"\" class=\"wp-image-11265\" srcset=\"https:\/\/lavozpuntana.com\/wp-content\/uploads\/2023\/12\/milei-min-1.png 870w, https:\/\/lavozpuntana.com\/wp-content\/uploads\/2023\/12\/milei-min-1-300x185.png 300w, https:\/\/lavozpuntana.com\/wp-content\/uploads\/2023\/12\/milei-min-1-768x473.png 768w\" sizes=\"auto, (max-width: 870px) 100vw, 870px\" \/><\/figure>\n\n\n\n<p>Se trata del actual titular del Instituto Nacional de Estad\u00edsticas y Censos (INDEC), Marco Lavagna, hijo del ex ministro de Econom\u00eda, Roberto Lavagna. De acuerdo al comunicado, \u201cSus equipos se encuentran trabajando en un proyecto que dotar\u00e1 al organismo de autonom\u00eda y autarqu\u00eda, para que deje de funcionar bajo la \u00f3rbita del ministerio de Econom\u00eda de la Naci\u00f3n\u201d.<\/p>\n\n\n\n<p>Y contin\u00faa: \u201cDe esta manera se establecer\u00e1 una nueva pol\u00edtica de Estado, en la que el INDEC ser\u00e1 un organismo t\u00e9cnico despolitizado\u201d. La noticia sorprendi\u00f3 a m\u00e1s de uno ya que desde el espacio del libertario, Lavagna no estuvo exento de las virulentas cr\u00edticas vertidas hacia el oficialismo.<\/p>\n\n\n\n<p>De esta manera Lavagna se suma a la lista de funcionarios oficialistas que continuar\u00e1n en la gesti\u00f3n de Milei, se suma al embajador en Brasil, Daniel Scioli, quien d\u00edas atr\u00e1s fue confirmado en el mismo cargo por la futura canciller, Diana Mondino.<\/p>\n\n\n\n<p>En di\u00e1logo con la prensa, la economista aseguraba d\u00edas atr\u00e1s que\u201dla voluntad es que Scioli siga\u201d, y asegur\u00f3 que \u201ces tambi\u00e9n la opini\u00f3n en el caso de Brasil\u201d.&nbsp; \u201cEsperemos que Scioli pueda seguir en comisi\u00f3n para que no queden truncas las situaciones en las que estaba trabajando\u201d, expres\u00f3 este lunes la dirigente libertaria.<\/p>\n\n\n\n<p>\u201cHay una muy buena predisposici\u00f3n, tiene una excelente relaci\u00f3n con Brasil. \u00c9l y muchos embajadores m\u00e1s pueden quedar en comisi\u00f3n hasta que haya un nombramiento definitivo. No podemos dejar la embajada de Brasil sin nadie que conteste el tel\u00e9fono\u201d, asegur\u00f3 Mondino.<\/p>\n\n\n\n<p>Fuente: Data Diario<\/p>\n","protected":false},"excerpt":{"rendered":"<p>El presidente electo Javier Milei, est\u00e1 a d\u00edas de asumir y contin\u00faa completando sus equipos de gesti\u00f3n. En las \u00faltimas horas de la tarde del mi\u00e9rcoles, la Oficina del Presidente Electo, confirm\u00f3 la continuidad de uno de los funcionarios de Alberto Fern\u00e1ndez.<\/p>\n","protected":false},"author":4,"featured_media":11265,"comment_status":"closed","ping_status":"closed","sticky":false,"template":"","format":"standard","meta":{"footnotes":""},"categories":[5],"tags":[],"class_list":["post-11264","post","type-post","status-publish","format-standard","has-post-thumbnail","hentry","category-el-pais"],"_links":{"self":[{"href":"https:\/\/lavozpuntana.com\/index.php?rest_route=\/wp\/v2\/posts\/11264","targetHints":{"allow":["GET"]}}],"collection":[{"href":"https:\/\/lavozpuntana.com\/index.php?rest_route=\/wp\/v2\/posts"}],"about":[{"href":"https:\/\/lavozpuntana.com\/index.php?rest_route=\/wp\/v2\/types\/post"}],"author":[{"embeddable":true,"href":"https:\/\/lavozpuntana.com\/index.php?rest_route=\/wp\/v2\/users\/4"}],"replies":[{"embeddable":true,"href":"https:\/\/lavozpuntana.com\/index.php?rest_route=%2Fwp%2Fv2%2Fcomments&post=11264"}],"version-history":[{"count":1,"href":"https:\/\/lavozpuntana.com\/index.php?rest_route=\/wp\/v2\/posts\/11264\/revisions"}],"predecessor-version":[{"id":11266,"href":"https:\/\/lavozpuntana.com\/index.php?rest_route=\/wp\/v2\/posts\/11264\/revisions\/11266"}],"wp:featuredmedia":[{"embeddable":true,"href":"https:\/\/lavozpuntana.com\/index.php?rest_route=\/wp\/v2\/media\/11265"}],"wp:attachment":[{"href":"https:\/\/lavozpuntana.com\/index.php?rest_route=%2Fwp%2Fv2%2Fmedia&parent=11264"}],"wp:term":[{"taxonomy":"category","embeddable":true,"href":"https:\/\/lavozpuntana.com\/index.php?rest_route=%2Fwp%2Fv2%2Fcategories&post=11264"},{"taxonomy":"post_tag","embeddable":true,"href":"https:\/\/lavozpuntana.com\/index.php?rest_route=%2Fwp%2Fv2%2Ftags&post=11264"}],"curies":[{"name":"wp","href":"https:\/\/api.w.org\/{rel}","templated":true}]}}