{"id":11277,"date":"2023-12-07T00:42:17","date_gmt":"2023-12-07T03:42:17","guid":{"rendered":"https:\/\/lavozpuntana.com\/?p=11277"},"modified":"2023-12-07T00:42:18","modified_gmt":"2023-12-07T03:42:18","slug":"la-administracion-publica-cobrara-el-aguinaldo-el-viernes-8-de-diciembre","status":"publish","type":"post","link":"https:\/\/lavozpuntana.com\/?p=11277","title":{"rendered":"LA ADMINISTRACI\u00d3N P\u00daBLICA COBRAR\u00c1 EL AGUINALDO EL VIERNES 8 DE DICIEMBRE"},"content":{"rendered":"\n<p><strong>Con el objetivo de brindar certezas ante un contexto de mucha incertidumbre, y tambi\u00e9n como respuesta a la inquietud que plantean los distintos gremios que nuclean a las trabajadoras y trabajadores de la administraci\u00f3n p\u00fablica provincial, el Gobierno de San Luis inform\u00f3 que la fecha de pago de la segunda parte del sueldo anual complementario (SAC) ser\u00e1 este viernes 8 de diciembre.<\/strong><\/p>\n\n\n\n<figure class=\"wp-block-image size-large\"><img loading=\"lazy\" decoding=\"async\" width=\"1024\" height=\"682\" src=\"http:\/\/lavozpuntana.com\/wp-content\/uploads\/2023\/12\/fbf43cef-8c6d-494a-8ec7-63c971cd8c98-1024x682.jpg\" alt=\"\" class=\"wp-image-11275\" srcset=\"https:\/\/lavozpuntana.com\/wp-content\/uploads\/2023\/12\/fbf43cef-8c6d-494a-8ec7-63c971cd8c98-1024x682.jpg 1024w, https:\/\/lavozpuntana.com\/wp-content\/uploads\/2023\/12\/fbf43cef-8c6d-494a-8ec7-63c971cd8c98-300x200.jpg 300w, https:\/\/lavozpuntana.com\/wp-content\/uploads\/2023\/12\/fbf43cef-8c6d-494a-8ec7-63c971cd8c98-768x512.jpg 768w, https:\/\/lavozpuntana.com\/wp-content\/uploads\/2023\/12\/fbf43cef-8c6d-494a-8ec7-63c971cd8c98.jpg 1280w\" sizes=\"auto, (max-width: 1024px) 100vw, 1024px\" \/><\/figure>\n\n\n\n<p>Desde el Ministerio de Hacienda destacaron que es posible \u201cgracias a una administraci\u00f3n eficiente, ya que la provincia cuenta con los recursos financieros para poder realizar este pago en tiempo y forma. Adem\u00e1s, los fondos que gir\u00f3 el Gobierno Nacional a las provincias ser\u00e1n destinados a reforzar el pago del medio aguinaldo\u201d.<\/p>\n\n\n\n<p>A trav\u00e9s de la firma de convenios, esta medida se har\u00e1 extensiva a los municipios provinciales.<\/p>\n","protected":false},"excerpt":{"rendered":"<p>Con el objetivo de brindar certezas ante un contexto de mucha incertidumbre, y tambi\u00e9n como respuesta a la inquietud que plantean los distintos gremios que nuclean a las trabajadoras y trabajadores de la administraci\u00f3n p\u00fablica provincial, el Gobierno de San Luis inform\u00f3 que la fecha de pago de la segunda parte del sueldo anual complementario (SAC) ser\u00e1 este viernes 8 de diciembre.<\/p>\n","protected":false},"author":4,"featured_media":11275,"comment_status":"closed","ping_status":"closed","sticky":false,"template":"","format":"standard","meta":{"footnotes":""},"categories":[4],"tags":[],"class_list":["post-11277","post","type-post","status-publish","format-standard","has-post-thumbnail","hentry","category-la-provincia"],"_links":{"self":[{"href":"https:\/\/lavozpuntana.com\/index.php?rest_route=\/wp\/v2\/posts\/11277","targetHints":{"allow":["GET"]}}],"collection":[{"href":"https:\/\/lavozpuntana.com\/index.php?rest_route=\/wp\/v2\/posts"}],"about":[{"href":"https:\/\/lavozpuntana.com\/index.php?rest_route=\/wp\/v2\/types\/post"}],"author":[{"embeddable":true,"href":"https:\/\/lavozpuntana.com\/index.php?rest_route=\/wp\/v2\/users\/4"}],"replies":[{"embeddable":true,"href":"https:\/\/lavozpuntana.com\/index.php?rest_route=%2Fwp%2Fv2%2Fcomments&post=11277"}],"version-history":[{"count":1,"href":"https:\/\/lavozpuntana.com\/index.php?rest_route=\/wp\/v2\/posts\/11277\/revisions"}],"predecessor-version":[{"id":11278,"href":"https:\/\/lavozpuntana.com\/index.php?rest_route=\/wp\/v2\/posts\/11277\/revisions\/11278"}],"wp:featuredmedia":[{"embeddable":true,"href":"https:\/\/lavozpuntana.com\/index.php?rest_route=\/wp\/v2\/media\/11275"}],"wp:attachment":[{"href":"https:\/\/lavozpuntana.com\/index.php?rest_route=%2Fwp%2Fv2%2Fmedia&parent=11277"}],"wp:term":[{"taxonomy":"category","embeddable":true,"href":"https:\/\/lavozpuntana.com\/index.php?rest_route=%2Fwp%2Fv2%2Fcategories&post=11277"},{"taxonomy":"post_tag","embeddable":true,"href":"https:\/\/lavozpuntana.com\/index.php?rest_route=%2Fwp%2Fv2%2Ftags&post=11277"}],"curies":[{"name":"wp","href":"https:\/\/api.w.org\/{rel}","templated":true}]}}