{"id":11361,"date":"2023-12-18T15:28:27","date_gmt":"2023-12-18T18:28:27","guid":{"rendered":"https:\/\/lavozpuntana.com\/?p=11361"},"modified":"2023-12-18T15:28:29","modified_gmt":"2023-12-18T18:28:29","slug":"poggi-busca-el-aval-legislativo-para-pedir-el-emprestito","status":"publish","type":"post","link":"https:\/\/lavozpuntana.com\/?p=11361","title":{"rendered":"POGGI BUSCA EL AVAL LEGISLATIVO PARA PEDIR EL EMPR\u00c9STITO"},"content":{"rendered":"\n<figure class=\"wp-block-image size-large\"><img decoding=\"async\" src=\"http:\/\/lavozpuntana.com\/wp-content\/uploads\/2023\/12\/6a.jpg\" alt=\"\" class=\"wp-image-11362\"\/><\/figure>\n\n\n\n<p><strong>El gobernador Claudio Poggi se reuni\u00f3 con diputados y senadores provinciales para contarles en detalle la p\u00e9sima situaci\u00f3n econ\u00f3mica y financiera en la que encontr\u00f3 la provincia y les pidi\u00f3 su apoyo para solicitar el cr\u00e9dito que permitir\u00e1 el normal desenvolvimiento del Estado en 2024. Requiere de la aprobaci\u00f3n de los dos tercios en las dos c\u00e1maras para seguir adelante. El bloque Cambia San Luis quiere tratarlo antes de que termine diciembre.<\/strong><\/p>\n\n\n\n<p>El empr\u00e9stito que anunci\u00f3 que pedir\u00e1 el gobernador Claudio Poggi para comenzar a sanear las finanzas de la provincia luego del descalabro que dej\u00f3 la gesti\u00f3n anterior necesita de una aprobaci\u00f3n legislativa con mayor\u00eda especial. Por eso estuvo reunido este lunes con legisladores provinciales, tanto senadores como diputados, para explicarles en detalle la delicada situaci\u00f3n econ\u00f3mica, que debe desembocar en el pedido de ese dinero para garantizar el normal funcionamiento del Estado durante 2024.<\/p>\n\n\n\n<p>El Gobierno necesita una mayor\u00eda especial de dos tercios en ambas c\u00e1maras para avanzar con las gestiones del empr\u00e9stito. Traducido a n\u00fameros, son 29 diputados de los 43 que componen la c\u00e1mara y seis senadores sobre nueve. Las reuniones con unos y otros las mantuvo por separado, pero en ambos casos justific\u00f3 la decisi\u00f3n y pidi\u00f3 apoyo para seguir adelante con los tr\u00e1mites, argumentando que la provincia requiere de ese flujo de dinero para afrontar sus obligaciones m\u00e1s acuciantes.<\/p>\n\n\n\n<p>Eugenia Gallardo, integrante del bloque de diputados de Cambia San Luis, convers\u00f3 con la ANSL sobre los t\u00e9rminos de la reuni\u00f3n. \u201cEl gobernador nos coment\u00f3 lo que ya hab\u00eda anunciado, la dif\u00edcil situaci\u00f3n financiera de la provincia y sobre todo hizo hincapi\u00e9 a la necesidad de pedir un empr\u00e9stito. Es una medida extraordinaria, la provincia de San Luis no estaba habituada a recurrir a un cr\u00e9dito para poder hacerse cargo de gastos ordinarios. Nos comunic\u00f3 que es por \u00fanica vez y que los legisladores vamos a acceder a informes mensuales sobre los tiempos de la devoluci\u00f3n, de acuerdo a la situaci\u00f3n financiera de la provincia\u201d.<\/p>\n\n\n\n<p>Consultada sobre c\u00f3mo se van a desarrollar las cosas en la Legislatura, dijo que \u201ctodav\u00eda estamos viendo qu\u00e9 fecha es la m\u00e1s conveniente, pero se espera que sea en el transcurso de lo que queda del mes. Con los compa\u00f1eros del bloque estamos totalmente de acuerdo, creemos que es una condici\u00f3n absolutamente indispensable para que toda la provincia pueda seguir funcionando, as\u00ed que vamos a apoyar esta situaci\u00f3n\u201d.<\/p>\n\n\n\n<p>Fuente: Agencia de Noticias.<\/p>\n","protected":false},"excerpt":{"rendered":"<p>El gobernador Claudio Poggi se reuni\u00f3 con diputados y senadores provinciales para contarles en detalle la p\u00e9sima situaci\u00f3n econ\u00f3mica y financiera en la que encontr\u00f3 la provincia y les pidi\u00f3 su apoyo para solicitar el cr\u00e9dito que permitir\u00e1 el normal desenvolvimiento del Estado en 2024. Requiere de la aprobaci\u00f3n de los dos tercios en las dos c\u00e1maras para seguir adelante. El bloque Cambia San Luis quiere tratarlo antes de que termine diciembre.<\/p>\n","protected":false},"author":4,"featured_media":0,"comment_status":"closed","ping_status":"closed","sticky":false,"template":"","format":"standard","meta":{"footnotes":""},"categories":[4],"tags":[],"class_list":["post-11361","post","type-post","status-publish","format-standard","hentry","category-la-provincia"],"_links":{"self":[{"href":"https:\/\/lavozpuntana.com\/index.php?rest_route=\/wp\/v2\/posts\/11361","targetHints":{"allow":["GET"]}}],"collection":[{"href":"https:\/\/lavozpuntana.com\/index.php?rest_route=\/wp\/v2\/posts"}],"about":[{"href":"https:\/\/lavozpuntana.com\/index.php?rest_route=\/wp\/v2\/types\/post"}],"author":[{"embeddable":true,"href":"https:\/\/lavozpuntana.com\/index.php?rest_route=\/wp\/v2\/users\/4"}],"replies":[{"embeddable":true,"href":"https:\/\/lavozpuntana.com\/index.php?rest_route=%2Fwp%2Fv2%2Fcomments&post=11361"}],"version-history":[{"count":1,"href":"https:\/\/lavozpuntana.com\/index.php?rest_route=\/wp\/v2\/posts\/11361\/revisions"}],"predecessor-version":[{"id":11363,"href":"https:\/\/lavozpuntana.com\/index.php?rest_route=\/wp\/v2\/posts\/11361\/revisions\/11363"}],"wp:attachment":[{"href":"https:\/\/lavozpuntana.com\/index.php?rest_route=%2Fwp%2Fv2%2Fmedia&parent=11361"}],"wp:term":[{"taxonomy":"category","embeddable":true,"href":"https:\/\/lavozpuntana.com\/index.php?rest_route=%2Fwp%2Fv2%2Fcategories&post=11361"},{"taxonomy":"post_tag","embeddable":true,"href":"https:\/\/lavozpuntana.com\/index.php?rest_route=%2Fwp%2Fv2%2Ftags&post=11361"}],"curies":[{"name":"wp","href":"https:\/\/api.w.org\/{rel}","templated":true}]}}