{"id":11406,"date":"2023-12-20T13:37:01","date_gmt":"2023-12-20T16:37:01","guid":{"rendered":"https:\/\/lavozpuntana.com\/?p=11406"},"modified":"2023-12-20T13:37:03","modified_gmt":"2023-12-20T16:37:03","slug":"preparan-el-desembarco-de-gendarmeria-en-san-luis","status":"publish","type":"post","link":"https:\/\/lavozpuntana.com\/?p=11406","title":{"rendered":"PREPARAN EL DESEMBARCO DE GENDARMER\u00cdA EN SAN LUIS"},"content":{"rendered":"\n<figure class=\"wp-block-image size-large\"><img decoding=\"async\" src=\"http:\/\/lavozpuntana.com\/wp-content\/uploads\/2023\/12\/WhatsApp-Image-2023-12-19-at-18.18.31-scaled-1-1536x1024-1-1024x683.jpeg\" alt=\"\" class=\"wp-image-11407\"\/><\/figure>\n\n\n\n<p><strong>El gobernador Claudio Poggi junto a la ministra de Seguridad, Nancy Sosa, mantuvieron este martes una reuni\u00f3n con la titular de la cartera de Seguridad de la Naci\u00f3n, Patricia Bullrich, oportunidad en la que avanzaron en la coordinaci\u00f3n del desembarco de Gendarmer\u00eda a San Luis.<\/strong><\/p>\n\n\n\n<p>La fuerza federal contribuir\u00e1 a la lucha contra la inseguridad y el narcotr\u00e1fico, adem\u00e1s del fortalecimiento de las dem\u00e1s fuerzas federales.<\/p>\n\n\n\n<p>Desde la semana entrante se generar\u00e1n reuniones de trabajo que encabezar\u00e1 la ministra de Seguridad, Nancy Sosa, en Buenos Aires con las autoridades de Gendarmer\u00eda Nacional, a fin de organizar todo lo concerniente a la log\u00edstica.<\/p>\n\n\n\n<p>Luego de asumir como gobernador de San Luis, Claudio Poggi remarc\u00f3 en su primer discurso que una de sus pol\u00edticas centrales ser\u00e1 justamente dar una fuerte lucha contra la inseguridad.<\/p>\n\n\n\n<p>\u201cCon la ley y la Constituci\u00f3n en la mano, vamos a combatir a la delincuencia y a los vendedores de drogas. Lo haremos dotando de tecnolog\u00eda adecuada, profesionalizando, capacitando y respaldando a nuestros agentes de seguridad; y coordinando las acciones con las polic\u00edas de provincias vecinas y las fuerzas federales. Es la \u00fanica provincia donde Gendarmer\u00eda Nacional tiene vedado el ingreso. Vamos a permitir que Gendarmer\u00eda ingrese a la provincia para que nos ayude a luchar contra la delincuencia y el narcotr\u00e1fico\u201d, dijo Poggi el pasado 10 de diciembre ante la Asamblea Legislativa.<\/p>\n","protected":false},"excerpt":{"rendered":"<p>El gobernador Claudio Poggi junto a la ministra de Seguridad, Nancy Sosa, mantuvieron este martes una reuni\u00f3n con la titular de la cartera de Seguridad de la Naci\u00f3n, Patricia Bullrich, oportunidad en la que avanzaron en la coordinaci\u00f3n del desembarco de Gendarmer\u00eda a San Luis.<\/p>\n","protected":false},"author":4,"featured_media":0,"comment_status":"closed","ping_status":"closed","sticky":false,"template":"","format":"standard","meta":{"footnotes":""},"categories":[4],"tags":[],"class_list":["post-11406","post","type-post","status-publish","format-standard","hentry","category-la-provincia"],"_links":{"self":[{"href":"https:\/\/lavozpuntana.com\/index.php?rest_route=\/wp\/v2\/posts\/11406","targetHints":{"allow":["GET"]}}],"collection":[{"href":"https:\/\/lavozpuntana.com\/index.php?rest_route=\/wp\/v2\/posts"}],"about":[{"href":"https:\/\/lavozpuntana.com\/index.php?rest_route=\/wp\/v2\/types\/post"}],"author":[{"embeddable":true,"href":"https:\/\/lavozpuntana.com\/index.php?rest_route=\/wp\/v2\/users\/4"}],"replies":[{"embeddable":true,"href":"https:\/\/lavozpuntana.com\/index.php?rest_route=%2Fwp%2Fv2%2Fcomments&post=11406"}],"version-history":[{"count":1,"href":"https:\/\/lavozpuntana.com\/index.php?rest_route=\/wp\/v2\/posts\/11406\/revisions"}],"predecessor-version":[{"id":11408,"href":"https:\/\/lavozpuntana.com\/index.php?rest_route=\/wp\/v2\/posts\/11406\/revisions\/11408"}],"wp:attachment":[{"href":"https:\/\/lavozpuntana.com\/index.php?rest_route=%2Fwp%2Fv2%2Fmedia&parent=11406"}],"wp:term":[{"taxonomy":"category","embeddable":true,"href":"https:\/\/lavozpuntana.com\/index.php?rest_route=%2Fwp%2Fv2%2Fcategories&post=11406"},{"taxonomy":"post_tag","embeddable":true,"href":"https:\/\/lavozpuntana.com\/index.php?rest_route=%2Fwp%2Fv2%2Ftags&post=11406"}],"curies":[{"name":"wp","href":"https:\/\/api.w.org\/{rel}","templated":true}]}}