{"id":11427,"date":"2023-12-22T15:16:17","date_gmt":"2023-12-22T18:16:17","guid":{"rendered":"https:\/\/lavozpuntana.com\/?p=11427"},"modified":"2023-12-22T15:16:19","modified_gmt":"2023-12-22T18:16:19","slug":"se-aprobo-el-aumento-de-la-tarifa-de-los-taxis","status":"publish","type":"post","link":"https:\/\/lavozpuntana.com\/?p=11427","title":{"rendered":"SE APROB\u00d3 EL AUMENTO DE LA TARIFA DE LOS TAXIS"},"content":{"rendered":"\n<figure class=\"wp-block-image size-large\"><img decoding=\"async\" src=\"http:\/\/lavozpuntana.com\/wp-content\/uploads\/2023\/12\/WhatsApp-Image-2023-12-22-at-14.47.18-1024x768.jpeg\" alt=\"\" class=\"wp-image-11428\"\/><\/figure>\n\n\n\n<p><strong>En el marco de la sesi\u00f3n extraordinaria que se est\u00e1 llevado a cabo en el Concejo Deliberante de San Luis, se aprob\u00f3 la actualizaci\u00f3n del servicio semip\u00fablico de taxis.<\/strong><\/p>\n\n\n\n<p>Con este incremento, la tarifa pasar\u00e1 a costar $475 la bajada de bandera diurna y $570 la nocturna. Asimismo, la ficha diurna pasar\u00e1 a costar $47.50, y la nocturna $57.00 cada 130 metros.<\/p>\n","protected":false},"excerpt":{"rendered":"<p>En el marco de la sesi\u00f3n extraordinaria que se est\u00e1 llevado a cabo en el Concejo Deliberante de San Luis, se aprob\u00f3 la actualizaci\u00f3n del servicio semip\u00fablico de taxis.<\/p>\n","protected":false},"author":1,"featured_media":0,"comment_status":"closed","ping_status":"closed","sticky":false,"template":"","format":"standard","meta":{"footnotes":""},"categories":[4],"tags":[],"class_list":["post-11427","post","type-post","status-publish","format-standard","hentry","category-la-provincia"],"_links":{"self":[{"href":"https:\/\/lavozpuntana.com\/index.php?rest_route=\/wp\/v2\/posts\/11427","targetHints":{"allow":["GET"]}}],"collection":[{"href":"https:\/\/lavozpuntana.com\/index.php?rest_route=\/wp\/v2\/posts"}],"about":[{"href":"https:\/\/lavozpuntana.com\/index.php?rest_route=\/wp\/v2\/types\/post"}],"author":[{"embeddable":true,"href":"https:\/\/lavozpuntana.com\/index.php?rest_route=\/wp\/v2\/users\/1"}],"replies":[{"embeddable":true,"href":"https:\/\/lavozpuntana.com\/index.php?rest_route=%2Fwp%2Fv2%2Fcomments&post=11427"}],"version-history":[{"count":1,"href":"https:\/\/lavozpuntana.com\/index.php?rest_route=\/wp\/v2\/posts\/11427\/revisions"}],"predecessor-version":[{"id":11429,"href":"https:\/\/lavozpuntana.com\/index.php?rest_route=\/wp\/v2\/posts\/11427\/revisions\/11429"}],"wp:attachment":[{"href":"https:\/\/lavozpuntana.com\/index.php?rest_route=%2Fwp%2Fv2%2Fmedia&parent=11427"}],"wp:term":[{"taxonomy":"category","embeddable":true,"href":"https:\/\/lavozpuntana.com\/index.php?rest_route=%2Fwp%2Fv2%2Fcategories&post=11427"},{"taxonomy":"post_tag","embeddable":true,"href":"https:\/\/lavozpuntana.com\/index.php?rest_route=%2Fwp%2Fv2%2Ftags&post=11427"}],"curies":[{"name":"wp","href":"https:\/\/api.w.org\/{rel}","templated":true}]}}