{"id":11434,"date":"2023-12-22T15:28:48","date_gmt":"2023-12-22T18:28:48","guid":{"rendered":"https:\/\/lavozpuntana.com\/?p=11434"},"modified":"2023-12-22T15:28:49","modified_gmt":"2023-12-22T18:28:49","slug":"mas-de-17-mil-empleados-publicos-ya-completaron-la-declaracion-jurada-del-censo","status":"publish","type":"post","link":"https:\/\/lavozpuntana.com\/?p=11434","title":{"rendered":"M\u00c1S DE 17 MIL EMPLEADOS P\u00daBLICOS YA COMPLETARON LA DECLARACI\u00d3N JURADA DEL CENSO"},"content":{"rendered":"\n<figure class=\"wp-block-image size-large\"><img decoding=\"async\" src=\"http:\/\/lavozpuntana.com\/wp-content\/uploads\/2023\/12\/JES1_17-630x420-1.jpg\" alt=\"\" class=\"wp-image-11435\"\/><\/figure>\n\n\n\n<p><strong>El relevamiento alcanza a toda la geograf\u00eda provincial y cuenta con la participaci\u00f3n de censistas de las distintas reparticiones estatales. Los agentes de la administraci\u00f3n p\u00fablica tendr\u00e1n tiempo hasta hoy a las 20:00 para completar el formulario y validarlo.<\/strong><\/p>\n\n\n\n<p>Este viernes a las 8:00 comenz\u00f3 la segunda jornada del censo a los empleados p\u00fablicos que forman parte de la administraci\u00f3n p\u00fablica provincial. Quienes todav\u00eda no fueron censados, podr\u00e1n completar el formulario ingresando a <a href=\"http:\/\/www.sanluis.gov.ar\">www.sanluis.gov.ar<\/a> . Luego deber\u00e1n imprimirlo y presentarlo ante el censista que corresponda a su repartici\u00f3n. M\u00e1s de 17 mil empleados ya cumplieron con el tr\u00e1mite, que es \u00e1gil y f\u00e1cil de llevar a cabo.<\/p>\n\n\n\n<p>El director de Estad\u00edstica y Censo, H\u00e9ctor Mazzina, aclar\u00f3 que aquellos trabajadores que se encuentran de licencia y pueden movilizarse, deber\u00e1n acercarse igualmente a su organismo para concretar la validaci\u00f3n. Quienes est\u00e9n imposibilitados tendr\u00e1n que hacerlo, sin excepci\u00f3n, antes de la fecha l\u00edmite establecida por su licencia.<\/p>\n\n\n\n<p>Desde el Gobierno provincial destacaron la buena predisposici\u00f3n de los empleados p\u00fablicos para colaborar con este relevamiento, que permitir\u00e1 obtener un panorama real de la situaci\u00f3n laboral en el sector.<\/p>\n\n\n\n<p>Este censo abarca a todo el personal de la administraci\u00f3n central y descentralizada, as\u00ed como a los organismos aut\u00e1rquicos, agencias y oficinas de la administraci\u00f3n de San Luis. Est\u00e1n exceptuados por ahora los docentes de todos los niveles, no as\u00ed los no docentes que cumplen funciones en las escuelas.<\/p>\n\n\n\n<p>Fuente: Agencia de Noticias.<\/p>\n","protected":false},"excerpt":{"rendered":"<p>El relevamiento alcanza a toda la geograf\u00eda provincial y cuenta con la participaci\u00f3n de censistas de las distintas reparticiones estatales. Los agentes de la administraci\u00f3n p\u00fablica tendr\u00e1n tiempo hasta hoy a las 20:00 para completar el formulario y validarlo.<\/p>\n","protected":false},"author":1,"featured_media":0,"comment_status":"closed","ping_status":"closed","sticky":false,"template":"","format":"standard","meta":{"footnotes":""},"categories":[4],"tags":[],"class_list":["post-11434","post","type-post","status-publish","format-standard","hentry","category-la-provincia"],"_links":{"self":[{"href":"https:\/\/lavozpuntana.com\/index.php?rest_route=\/wp\/v2\/posts\/11434","targetHints":{"allow":["GET"]}}],"collection":[{"href":"https:\/\/lavozpuntana.com\/index.php?rest_route=\/wp\/v2\/posts"}],"about":[{"href":"https:\/\/lavozpuntana.com\/index.php?rest_route=\/wp\/v2\/types\/post"}],"author":[{"embeddable":true,"href":"https:\/\/lavozpuntana.com\/index.php?rest_route=\/wp\/v2\/users\/1"}],"replies":[{"embeddable":true,"href":"https:\/\/lavozpuntana.com\/index.php?rest_route=%2Fwp%2Fv2%2Fcomments&post=11434"}],"version-history":[{"count":1,"href":"https:\/\/lavozpuntana.com\/index.php?rest_route=\/wp\/v2\/posts\/11434\/revisions"}],"predecessor-version":[{"id":11436,"href":"https:\/\/lavozpuntana.com\/index.php?rest_route=\/wp\/v2\/posts\/11434\/revisions\/11436"}],"wp:attachment":[{"href":"https:\/\/lavozpuntana.com\/index.php?rest_route=%2Fwp%2Fv2%2Fmedia&parent=11434"}],"wp:term":[{"taxonomy":"category","embeddable":true,"href":"https:\/\/lavozpuntana.com\/index.php?rest_route=%2Fwp%2Fv2%2Fcategories&post=11434"},{"taxonomy":"post_tag","embeddable":true,"href":"https:\/\/lavozpuntana.com\/index.php?rest_route=%2Fwp%2Fv2%2Ftags&post=11434"}],"curies":[{"name":"wp","href":"https:\/\/api.w.org\/{rel}","templated":true}]}}