{"id":11440,"date":"2023-12-26T01:08:45","date_gmt":"2023-12-26T04:08:45","guid":{"rendered":"https:\/\/lavozpuntana.com\/?p=11440"},"modified":"2023-12-26T01:08:46","modified_gmt":"2023-12-26T04:08:46","slug":"hay-3167-trabajadores-publicos-que-no-presentaron-sus-declaraciones-juradas-personalmente","status":"publish","type":"post","link":"https:\/\/lavozpuntana.com\/?p=11440","title":{"rendered":"HAY 3167 TRABAJADORES P\u00daBLICOS QUE NO PRESENTARON SUS DECLARACIONES JURADAS PERSONALMENTE"},"content":{"rendered":"\n<figure class=\"wp-block-image size-large\"><img decoding=\"async\" src=\"http:\/\/lavozpuntana.com\/wp-content\/uploads\/2023\/12\/WhatsApp-Image-2023-12-24-at-09.11.02.jpeg\" alt=\"\" class=\"wp-image-11441\"\/><\/figure>\n\n\n\n<p><strong>El dato es llamativo y fue confirmado por el responsable de Estad\u00edstica y Censos, H\u00e9ctor Mazzina. Esos m\u00e1s de 3 mil empleados de la planta del estado, completaron y descargaron la documentaci\u00f3n, pero no la presentaron personalmente en sus lugares de trabajo.<\/strong><\/p>\n\n\n\n<p>Al respecto de esto, Mazzina explic\u00f3 que le presentaron al gobernador, Claudio Poggi, los datos del Censo de Empleados P\u00fablicos. En la oportunidad, le informaron que las personas que hicieron la declaraci\u00f3n jurada fueron 26.705 y las que la validaron presencialmente fueron 23.807.<\/p>\n\n\n\n<p>De esas personas faltantes, que no cumplieron con el requisito de la presencialidad, hubo 452 que se excusaron por licencia y 3.167 trabajadores no se presentaron personalmente a entregar la documentaci\u00f3n.<\/p>\n\n\n\n<p>Sobre estas personas que no han cumplido con la presencialidad, se habilitar\u00e1 el d\u00eda martes una nueva oportunidad para que se acerquen con el formulario a sus lugares de trabajo.<\/p>\n\n\n\n<p>\u201c\u00bfC\u00f3mo confirmar que se cumplido correctamente con el censo?<\/p>\n\n\n\n<p>Pueden ingresar desde este s\u00e1bado a la p\u00e1gina www.sanluis.gov.ar y verificar si est\u00e1 completo el procedimiento censal.<\/p>\n\n\n\n<p>\u201cEntonces, el d\u00eda martes aquellos que no han cumplido con la presencialidad pueden hacerlo desde las 8 de la ma\u00f1ana. Repito los n\u00fameros: Los que han generado la declaraci\u00f3n jurada fueron 26.706 y los que han validado la declaraci\u00f3n jurada de forma presencial fueron 23.807. Aquellos que se han excusado con licencia son 452 y los que deber\u00edan completar el requisito de la presencialidad son 3.167 y tiene la oportunidad el martes\u201d, indic\u00f3 Mazzina.<\/p>\n\n\n\n<p>Fuente: Agencia de Noticias.<\/p>\n","protected":false},"excerpt":{"rendered":"<p>El dato es llamativo y fue confirmado por el responsable de Estad\u00edstica y Censos, H\u00e9ctor Mazzina. Esos m\u00e1s de 3 mil empleados de la planta del estado, completaron y descargaron la documentaci\u00f3n, pero no la presentaron personalmente en sus lugares de trabajo.<\/p>\n","protected":false},"author":4,"featured_media":0,"comment_status":"closed","ping_status":"closed","sticky":false,"template":"","format":"standard","meta":{"footnotes":""},"categories":[4],"tags":[],"class_list":["post-11440","post","type-post","status-publish","format-standard","hentry","category-la-provincia"],"_links":{"self":[{"href":"https:\/\/lavozpuntana.com\/index.php?rest_route=\/wp\/v2\/posts\/11440","targetHints":{"allow":["GET"]}}],"collection":[{"href":"https:\/\/lavozpuntana.com\/index.php?rest_route=\/wp\/v2\/posts"}],"about":[{"href":"https:\/\/lavozpuntana.com\/index.php?rest_route=\/wp\/v2\/types\/post"}],"author":[{"embeddable":true,"href":"https:\/\/lavozpuntana.com\/index.php?rest_route=\/wp\/v2\/users\/4"}],"replies":[{"embeddable":true,"href":"https:\/\/lavozpuntana.com\/index.php?rest_route=%2Fwp%2Fv2%2Fcomments&post=11440"}],"version-history":[{"count":1,"href":"https:\/\/lavozpuntana.com\/index.php?rest_route=\/wp\/v2\/posts\/11440\/revisions"}],"predecessor-version":[{"id":11442,"href":"https:\/\/lavozpuntana.com\/index.php?rest_route=\/wp\/v2\/posts\/11440\/revisions\/11442"}],"wp:attachment":[{"href":"https:\/\/lavozpuntana.com\/index.php?rest_route=%2Fwp%2Fv2%2Fmedia&parent=11440"}],"wp:term":[{"taxonomy":"category","embeddable":true,"href":"https:\/\/lavozpuntana.com\/index.php?rest_route=%2Fwp%2Fv2%2Fcategories&post=11440"},{"taxonomy":"post_tag","embeddable":true,"href":"https:\/\/lavozpuntana.com\/index.php?rest_route=%2Fwp%2Fv2%2Ftags&post=11440"}],"curies":[{"name":"wp","href":"https:\/\/api.w.org\/{rel}","templated":true}]}}